{"id":97879,"date":"2023-02-24T17:36:00","date_gmt":"2023-02-24T20:36:00","guid":{"rendered":"https:\/\/primicias2262.com\/?p=97879"},"modified":"2023-02-24T17:36:00","modified_gmt":"2023-02-24T20:36:00","slug":"el-operativo-especial-de-vacunacion-covid-llega-este-sabado-al-cic","status":"publish","type":"post","link":"https:\/\/primicias2262.com\/noticias\/el-operativo-especial-de-vacunacion-covid-llega-este-sabado-al-cic\/","title":{"rendered":"El operativo especial de vacunaci\u00f3n Covid llega este s\u00e1bado al CIC"},"content":{"rendered":"<p>La Secretar\u00eda de Salud, a cargo de Andrea Perestiuk, sigue adelante con los operativos especiales de vacunaci\u00f3n Covid para los d\u00edas s\u00e1bados y este 25 de febrero ser\u00e1 el turno de brindar el servicio en el Centro Integrador Comunitario (CIC), ubicado en 92 y 47.<\/p>\n<p><strong>La jornada se extender\u00e1 de 8 a 12 hs., estar\u00e1 destinada a todas las edades y se podr\u00e1n aplicar las dosis necesarias.<\/strong><\/p>\n<p>Adem\u00e1s de estos operativos, se recuerda que de forma fija funcionan dos postas de lunes a viernes para vacunaci\u00f3n Covid: una en el CAPS Fomento de Quequ\u00e9n, en 519 N\u00ba 2267; y la otra en CAPS Sudoeste en 58 y 81.<\/p>\n","protected":false},"excerpt":{"rendered":"<p>La Secretar\u00eda de Salud, a cargo de Andrea Perestiuk, sigue adelante con los operativos especiales de vacunaci\u00f3n Covid para los d\u00edas s\u00e1bados y este 25 de febrero ser\u00e1 el turno de brindar el servicio en el Centro Integrador Comunitario (CIC), ubicado en 92 y 47. La jornada se extender\u00e1 de 8 a 12 hs., estar\u00e1 [&hellip;]<\/p>\n","protected":false},"author":3,"featured_media":97880,"comment_status":"closed","ping_status":"closed","sticky":false,"template":"","format":"standard","meta":{"footnotes":""},"categories":[3],"tags":[],"class_list":["post-97879","post","type-post","status-publish","format-standard","has-post-thumbnail","category-masnoticias"],"_links":{"self":[{"href":"https:\/\/primicias2262.com\/noticias\/wp-json\/wp\/v2\/posts\/97879","targetHints":{"allow":["GET"]}}],"collection":[{"href":"https:\/\/primicias2262.com\/noticias\/wp-json\/wp\/v2\/posts"}],"about":[{"href":"https:\/\/primicias2262.com\/noticias\/wp-json\/wp\/v2\/types\/post"}],"author":[{"embeddable":true,"href":"https:\/\/primicias2262.com\/noticias\/wp-json\/wp\/v2\/users\/3"}],"replies":[{"embeddable":true,"href":"https:\/\/primicias2262.com\/noticias\/wp-json\/wp\/v2\/comments?post=97879"}],"version-history":[{"count":0,"href":"https:\/\/primicias2262.com\/noticias\/wp-json\/wp\/v2\/posts\/97879\/revisions"}],"wp:attachment":[{"href":"https:\/\/primicias2262.com\/noticias\/wp-json\/wp\/v2\/media?parent=97879"}],"wp:term":[{"taxonomy":"category","embeddable":true,"href":"https:\/\/primicias2262.com\/noticias\/wp-json\/wp\/v2\/categories?post=97879"},{"taxonomy":"post_tag","embeddable":true,"href":"https:\/\/primicias2262.com\/noticias\/wp-json\/wp\/v2\/tags?post=97879"}],"curies":[{"name":"wp","href":"https:\/\/api.w.org\/{rel}","templated":true}]}}