{"id":97887,"date":"2023-02-27T13:36:32","date_gmt":"2023-02-27T16:36:32","guid":{"rendered":"https:\/\/primicias2262.com\/?p=97887"},"modified":"2023-02-27T13:36:32","modified_gmt":"2023-02-27T16:36:32","slug":"la-municipalidad-inscribe-para-becas-a-deportistas","status":"publish","type":"post","link":"https:\/\/primicias2262.com\/noticias\/la-municipalidad-inscribe-para-becas-a-deportistas\/","title":{"rendered":"La Municipalidad inscribe para becas a deportistas"},"content":{"rendered":"<p><strong>Los aspirantes podr\u00e1n anotarse desde este lunes en la Direcci\u00f3n de Deportes, ubicada en el Polideportivo Municipal, o a trav\u00e9s de las redes sociales de la misma.<\/strong><\/p>\n<p>A trav\u00e9s de la Direcci\u00f3n de Deportes, la Municipalidad de Necochea informa que abre a partir del pr\u00f3ximo lunes 27 de febrero, y hasta el 20 de marzo inclusive, la inscripci\u00f3n para deportistas amateurs que aspiren a la obtenci\u00f3n de una beca que ayude a solventar su actividad.<\/p>\n<p><strong>Requisitos:<\/strong><\/p>\n<p>Desde la dependencia que funciona a cargo de Guadalupe Hern\u00e1ndez se especific\u00f3 que para acceder a una de las ocho becas adicionales de este a\u00f1o, los aspirantes deber\u00e1n incluir en su solicitud:<\/p>\n<ul>\n<li>Datos personales<\/li>\n<li>Un breve curr\u00edculum deportivo que refleje sus logros m\u00e1s destacados y sus estad\u00edsticas de los a\u00f1os 2021 y 2022.<\/li>\n<li>Un calendario\u00a0 de actividades programadas para el presente a\u00f1o.<\/li>\n<\/ul>\n<p>&nbsp;<\/p>\n<p>Para obtener m\u00e1s informaci\u00f3n sobre las becas o presentar documentaci\u00f3n necesaria, los interesados podr\u00e1n comunicarse al correo\u00a0 electr\u00f3nico: <a href=\"mailto:necocheadeportes@gmail.com\"><strong>necocheadeportes@gmail.com<\/strong><\/a>; a trav\u00e9s de las redes sociales: Direcci\u00f3n de Deportes @necocheadeportes (Facebook) y @necocheadpeortes (Instagram); o bien acercarse personalmente a las oficinas de la Direcci\u00f3n de Deportes en el Polideportivo Municipal \u201cEdgardo Hugo Yelpo\u201d, en Av. 10 y 65. Adem\u00e1s, est\u00e1 disponible el tel\u00e9fono fijo 52-0461 para consultas.<\/p>\n<p><a href=\"https:\/\/primicias2262.com\/wp-content\/uploads\/2023\/02\/PLACA-Becas-deportivas.jpeg\"><img loading=\"lazy\" decoding=\"async\" class=\"aligncenter size-full wp-image-97888\" src=\"https:\/\/primicias2262.com\/wp-content\/uploads\/2023\/02\/PLACA-Becas-deportivas.jpeg\" alt=\"\" width=\"1600\" height=\"1600\" \/><\/a><\/p>\n","protected":false},"excerpt":{"rendered":"<p>Los aspirantes podr\u00e1n anotarse desde este lunes en la Direcci\u00f3n de Deportes, ubicada en el Polideportivo Municipal, o a trav\u00e9s de las redes sociales de la misma. A trav\u00e9s de la Direcci\u00f3n de Deportes, la Municipalidad de Necochea informa que abre a partir del pr\u00f3ximo lunes 27 de febrero, y hasta el 20 de marzo [&hellip;]<\/p>\n","protected":false},"author":3,"featured_media":76523,"comment_status":"closed","ping_status":"closed","sticky":false,"template":"","format":"standard","meta":{"footnotes":""},"categories":[3],"tags":[],"class_list":["post-97887","post","type-post","status-publish","format-standard","has-post-thumbnail","category-masnoticias"],"_links":{"self":[{"href":"https:\/\/primicias2262.com\/noticias\/wp-json\/wp\/v2\/posts\/97887","targetHints":{"allow":["GET"]}}],"collection":[{"href":"https:\/\/primicias2262.com\/noticias\/wp-json\/wp\/v2\/posts"}],"about":[{"href":"https:\/\/primicias2262.com\/noticias\/wp-json\/wp\/v2\/types\/post"}],"author":[{"embeddable":true,"href":"https:\/\/primicias2262.com\/noticias\/wp-json\/wp\/v2\/users\/3"}],"replies":[{"embeddable":true,"href":"https:\/\/primicias2262.com\/noticias\/wp-json\/wp\/v2\/comments?post=97887"}],"version-history":[{"count":0,"href":"https:\/\/primicias2262.com\/noticias\/wp-json\/wp\/v2\/posts\/97887\/revisions"}],"wp:attachment":[{"href":"https:\/\/primicias2262.com\/noticias\/wp-json\/wp\/v2\/media?parent=97887"}],"wp:term":[{"taxonomy":"category","embeddable":true,"href":"https:\/\/primicias2262.com\/noticias\/wp-json\/wp\/v2\/categories?post=97887"},{"taxonomy":"post_tag","embeddable":true,"href":"https:\/\/primicias2262.com\/noticias\/wp-json\/wp\/v2\/tags?post=97887"}],"curies":[{"name":"wp","href":"https:\/\/api.w.org\/{rel}","templated":true}]}}