{"id":97890,"date":"2023-02-27T13:37:48","date_gmt":"2023-02-27T16:37:48","guid":{"rendered":"https:\/\/primicias2262.com\/?p=97890"},"modified":"2023-02-27T13:37:48","modified_gmt":"2023-02-27T16:37:48","slug":"wilgenhoff-anticipo-obras-de-cloacas-y-corredores-seguros-para-diversos-barrios-de-quequen","status":"publish","type":"post","link":"https:\/\/primicias2262.com\/noticias\/wilgenhoff-anticipo-obras-de-cloacas-y-corredores-seguros-para-diversos-barrios-de-quequen\/","title":{"rendered":"Wilgenhoff anticip\u00f3 obras de cloacas y corredores seguros para diversos barrios de Quequ\u00e9n"},"content":{"rendered":"<p><strong>El delegado municipal de Quequ\u00e9n, Mario Wilgenhoff, se refiri\u00f3 a varios temas que hacen a la ciudad en cuesti\u00f3n en su paso por los estudios de \u201cVoces de la Ciudad\u201d, durante una nota realizada por el periodista Jorge G\u00f3mez.<\/strong><\/p>\n<p>A la hora de referirse espec\u00edficamente a obras p\u00fablicas, el funcionario revel\u00f3 que \u201chay un proyecto muy bueno de cloacas para diversos barrios y el mes que viene se abrir\u00e1n los sobres para licitaci\u00f3n\u201d, al tiempo que acot\u00f3 que \u201cestamos empezando a reunirnos en la Delegaci\u00f3n con asociaciones civiles por tema Personer\u00eda Jur\u00eddica para ayudar a clubes e instituciones a ordenarse en ese sentido y tambi\u00e9n con el tema de Presupuesto Participativo\u201d.<\/p>\n<p>Otro proyecto que subray\u00f3 como muy interesante es el de corredores seguros con iluminaci\u00f3n para que tambi\u00e9n se beneficien varios barrios. Adem\u00e1s, Wilgenhoff enumer\u00f3 que \u201cestamos con puesta en valor de los monumentos como el de Malvinas, donde estamos en constante movimiento, y nos sirve mucho cuando la gente nos llama y nos dice que tiene un problema puntual y eso a nosotros nos sirve como un term\u00f3metro importante porque vamos directamente al lugar\u201d.<\/p>\n<p>Otra inquietud permanente que recibe como delegado es concerniente a lo laboral. \u201cHay bastante demanda de trabajo, es la realidad que se ve en todos lados y si bien por ah\u00ed en temporada hay un abanico m\u00e1s amplio de posibilidades y ofertas, me gustar\u00eda que no caiga en marzo y abril y que se pueda extender para que la gente pueda seguir trabajando, pero no es f\u00e1cil\u201d.<\/p>\n<p>Respecto al sector de la playa de Quequ\u00e9n, Mario valor\u00f3 que \u201cla gente viene a disfrutar de lo natural de Quequ\u00e9n y nosotros estamos encima para que la playa est\u00e9 limpia y en condiciones\u201d, y acerca de los recientes festejos de Carnaval sintetiz\u00f3 que \u201cfueron dos d\u00edas muy lindos, con murgas locales y artistas invitados poni\u00e9ndole alegr\u00eda a la plaza 3 de agosto y la gente cuando se iba de la playa se encontraba con los espect\u00e1culos\u201d.<\/p>\n<p>Finalmente, a muy poco de cumplir seis meses de gesti\u00f3n, Wilgenhoff se\u00f1al\u00f3 que \u201cera algo in\u00e9dito para m\u00ed la funci\u00f3n p\u00fablica, pero lo hago con ganas. Falta mucho porque Quequ\u00e9n ha sido olvidado por muchos a\u00f1os, pas\u00f3 el asfalto y a 50 metros te das cuenta que no hay servicio de cloacas ni agua potable, pero este intendente (Arturo Rojas) lo quiere poner en valor en un mont\u00f3n de cosas y hay un mont\u00f3n de obras que est\u00e1n programadas para Quequ\u00e9n en lo que viene\u201d.<\/p>\n","protected":false},"excerpt":{"rendered":"<p>El delegado municipal de Quequ\u00e9n, Mario Wilgenhoff, se refiri\u00f3 a varios temas que hacen a la ciudad en cuesti\u00f3n en su paso por los estudios de \u201cVoces de la Ciudad\u201d, durante una nota realizada por el periodista Jorge G\u00f3mez. A la hora de referirse espec\u00edficamente a obras p\u00fablicas, el funcionario revel\u00f3 que \u201chay un proyecto [&hellip;]<\/p>\n","protected":false},"author":3,"featured_media":97883,"comment_status":"closed","ping_status":"closed","sticky":false,"template":"","format":"standard","meta":{"footnotes":""},"categories":[3],"tags":[],"class_list":["post-97890","post","type-post","status-publish","format-standard","has-post-thumbnail","category-masnoticias"],"_links":{"self":[{"href":"https:\/\/primicias2262.com\/noticias\/wp-json\/wp\/v2\/posts\/97890","targetHints":{"allow":["GET"]}}],"collection":[{"href":"https:\/\/primicias2262.com\/noticias\/wp-json\/wp\/v2\/posts"}],"about":[{"href":"https:\/\/primicias2262.com\/noticias\/wp-json\/wp\/v2\/types\/post"}],"author":[{"embeddable":true,"href":"https:\/\/primicias2262.com\/noticias\/wp-json\/wp\/v2\/users\/3"}],"replies":[{"embeddable":true,"href":"https:\/\/primicias2262.com\/noticias\/wp-json\/wp\/v2\/comments?post=97890"}],"version-history":[{"count":0,"href":"https:\/\/primicias2262.com\/noticias\/wp-json\/wp\/v2\/posts\/97890\/revisions"}],"wp:attachment":[{"href":"https:\/\/primicias2262.com\/noticias\/wp-json\/wp\/v2\/media?parent=97890"}],"wp:term":[{"taxonomy":"category","embeddable":true,"href":"https:\/\/primicias2262.com\/noticias\/wp-json\/wp\/v2\/categories?post=97890"},{"taxonomy":"post_tag","embeddable":true,"href":"https:\/\/primicias2262.com\/noticias\/wp-json\/wp\/v2\/tags?post=97890"}],"curies":[{"name":"wp","href":"https:\/\/api.w.org\/{rel}","templated":true}]}}