{"id":97909,"date":"2023-02-28T09:34:47","date_gmt":"2023-02-28T12:34:47","guid":{"rendered":"https:\/\/primicias2262.com\/?p=97909"},"modified":"2023-02-28T09:34:47","modified_gmt":"2023-02-28T12:34:47","slug":"topo-rodriguez-contra-el-juicio-a-la-corte-no-voy-a-ser-funcional-a-las-arbitrariedades-del-kirchnerismo","status":"publish","type":"post","link":"https:\/\/primicias2262.com\/noticias\/topo-rodriguez-contra-el-juicio-a-la-corte-no-voy-a-ser-funcional-a-las-arbitrariedades-del-kirchnerismo\/","title":{"rendered":"\u201cTopo\u201d Rodr\u00edguez contra el juicio a la Corte: \u201cNo voy a ser funcional a las arbitrariedades del kirchnerismo\u201d"},"content":{"rendered":"<p><strong>En di\u00e1logo telef\u00f3nico con el periodista Jorge G\u00f3mez para \u201cVoces de la Ciudad\u201d, el Diputado nacional tandilense, Alejandro \u201cTopo\u201d Rodr\u00edguez, habl\u00f3 en el marco del intento de Juicio Pol\u00edtico a todos los integrantes de la Corte Suprema de Justicia de la Naci\u00f3n, asegurando que \u201cel Presidente Alberto Fern\u00e1ndez es el impulsor del Juicio Pol\u00edtico para lanzar su reelecci\u00f3n y es una embestida que tiene como eje voltear a la Corte Suprema completa\u201d.<\/strong><\/p>\n<p>El integrante de la Comisi\u00f3n de Juicio Pol\u00edtico asegur\u00f3 sin vueltas que \u201ceste intento de juicio pol\u00edtico tiene un solo objetivo, que es paralizar la Justicia, por lo tanto antes que un juicio pol\u00edtico es una embestida pol\u00edtica y esa embestida tiene como eje voltear a la Corte Suprema completa\u201d.<\/p>\n<p>Adem\u00e1s, Rodr\u00edguez argument\u00f3 que \u201ctambi\u00e9n es un intento de modificar por decreto el Consejo de la Magistratura y ampliar de un d\u00eda\u00a0 a otro la cantidad de jueces de la Corte, pasando de cinco miembros a 15 para entregarle un juez o jueza de la corte a cada uno de los 11 gobernadores amigos del kirchnerismo\u2026 por eso yo me estoy oponiendo desde el comienzo a este juicio pol\u00edtico y particip\u00e9 de las cuatro primeras reuniones\u201d.<\/p>\n<p>As\u00ed las cosas, el \u201cTopo\u201d enfatiz\u00f3 que \u201cel kirchnerismo lo \u00fanico que quiere es imponer aunque no tenga raz\u00f3n por el n\u00famero sus decisiones, y he anunciado que decidir\u00e9 en qu\u00e9 instancia participar\u00e9 y en cu\u00e1l no, porque no voy a ser funcional a las arbitrariedades del kirchnerismo\u201d.<\/p>\n<p>En ese contexto, Rodriguez afirm\u00f3 que est\u00e1 claro que el intento de juicio pol\u00edtico a la Corte marcha al fracaso y le hace da\u00f1o al pa\u00eds, \u201cporque no hay peor acompa\u00f1amiento a la necesidad de estabilizar econ\u00f3micamente a Argentina que generar esta incertidumbre y la desconfianza que genera un pa\u00eds que quiere voltear a la Corte en el medio de un proceso de lanzamiento de la candidatura pol\u00edtica del Presidente, que cuando anunci\u00f3 el 1\u00ba de enero el juicio pol\u00edtico a la Corte lo que hizo es lanzar su campa\u00f1a para la reelecci\u00f3n\u201d.<\/p>\n<p>Finalmente, el Diputado reflexion\u00f3 que \u201cesto genera una enorme desconfianza y lamento mucho que sea as\u00ed, porque castiga a la sociedad argentina entera de manera desmerecida\u201d, pero se comprometi\u00f3 a \u201ctrabajar para frenar el juicio pol\u00edtico a la Corte\u201d.<\/p>\n","protected":false},"excerpt":{"rendered":"<p>En di\u00e1logo telef\u00f3nico con el periodista Jorge G\u00f3mez para \u201cVoces de la Ciudad\u201d, el Diputado nacional tandilense, Alejandro \u201cTopo\u201d Rodr\u00edguez, habl\u00f3 en el marco del intento de Juicio Pol\u00edtico a todos los integrantes de la Corte Suprema de Justicia de la Naci\u00f3n, asegurando que \u201cel Presidente Alberto Fern\u00e1ndez es el impulsor del Juicio Pol\u00edtico para [&hellip;]<\/p>\n","protected":false},"author":3,"featured_media":97910,"comment_status":"closed","ping_status":"closed","sticky":false,"template":"","format":"standard","meta":{"footnotes":""},"categories":[3],"tags":[],"class_list":["post-97909","post","type-post","status-publish","format-standard","has-post-thumbnail","category-masnoticias"],"_links":{"self":[{"href":"https:\/\/primicias2262.com\/noticias\/wp-json\/wp\/v2\/posts\/97909","targetHints":{"allow":["GET"]}}],"collection":[{"href":"https:\/\/primicias2262.com\/noticias\/wp-json\/wp\/v2\/posts"}],"about":[{"href":"https:\/\/primicias2262.com\/noticias\/wp-json\/wp\/v2\/types\/post"}],"author":[{"embeddable":true,"href":"https:\/\/primicias2262.com\/noticias\/wp-json\/wp\/v2\/users\/3"}],"replies":[{"embeddable":true,"href":"https:\/\/primicias2262.com\/noticias\/wp-json\/wp\/v2\/comments?post=97909"}],"version-history":[{"count":0,"href":"https:\/\/primicias2262.com\/noticias\/wp-json\/wp\/v2\/posts\/97909\/revisions"}],"wp:attachment":[{"href":"https:\/\/primicias2262.com\/noticias\/wp-json\/wp\/v2\/media?parent=97909"}],"wp:term":[{"taxonomy":"category","embeddable":true,"href":"https:\/\/primicias2262.com\/noticias\/wp-json\/wp\/v2\/categories?post=97909"},{"taxonomy":"post_tag","embeddable":true,"href":"https:\/\/primicias2262.com\/noticias\/wp-json\/wp\/v2\/tags?post=97909"}],"curies":[{"name":"wp","href":"https:\/\/api.w.org\/{rel}","templated":true}]}}