{"id":97917,"date":"2023-02-28T10:15:19","date_gmt":"2023-02-28T13:15:19","guid":{"rendered":"https:\/\/primicias2262.com\/?p=97917"},"modified":"2023-02-28T10:15:19","modified_gmt":"2023-02-28T13:15:19","slug":"nueva-forma-de-repensar-la-secundaria-la-escuela-profesional-propone-orientaciones-con-alta-salida-laboral","status":"publish","type":"post","link":"https:\/\/primicias2262.com\/noticias\/nueva-forma-de-repensar-la-secundaria-la-escuela-profesional-propone-orientaciones-con-alta-salida-laboral\/","title":{"rendered":"Nueva forma de repensar la Secundaria: La Escuela Profesional propone orientaciones con alta salida laboral"},"content":{"rendered":"<p><strong>Tres espacios se abren a partir de marzo en la ciudad, apuntando a captar a aquellos alumnos que desertaron de la escuela, sobre todo en pandemia, y con una propuesta que une a la Formaci\u00f3n Profesional con el Secundario, \u201centonces prepar\u00e1s a los pibes para el mundo del trabajo\u201d, destacaron.<\/strong><\/p>\n<p>Mariana Saed C\u00e1ceres y Sof\u00eda Lazovich Fern\u00e1ndez, dos de las docentes integrantes del proyecto, pasaron por los estudios de \u201cVoces de la Ciudad\u201d y en una nota realizada por el periodista Jorge G\u00f3mez contaron los detalles del proyecto de la Escuela profesional Secundaria, que funcionar\u00e1 en tres establecimientos: Secundaria N\u00ba 1 en 58 N\u00ba 2763 casi 57; T\u00e9cnica N\u00ba 1 en 47 entre 58 y 60 y T\u00e9cnica N\u00ba 2, Jesuita Cardiel y 46, con una comisi\u00f3n de 15 alumnos cada una.<\/p>\n<p>Primeramente, la coordinadora Mariana Saed C\u00e1ceres explic\u00f3 que \u201cson tres escuelas profesionales que vienen a abrirse: la EPS N\u00ba 1 en la T\u00e9cnica N\u00ba 1 de 47 entre 58 y 60, que tiene orientaci\u00f3n en energ\u00edas y energ\u00edas renovables y funcionar\u00e1 de lunes a viernes de 17.45 a 21.45; la segunda funcionar\u00e1 en la T\u00e9cnica N\u00ba 2, tiene orientaci\u00f3n en Alimentaci\u00f3n, se van a dedicar a la producci\u00f3n de helados y quesos y ser\u00e1 de lunes a viernes de 16 a 20; y la EPS N\u00ba 3 que es la que coordino yo, que funciona en lo que todos conocemos como el \u201cPoli\u201d, en 58 casi 57, que es orientaci\u00f3n en Construcciones Civiles, construcci\u00f3n H\u00famedo y Seco, y ser\u00e1 de lunes a viernes de 13.15 a 17.15\u201d.<\/p>\n<p><a href=\"https:\/\/primicias2262.com\/wp-content\/uploads\/2023\/02\/mariana-saed-caceres.jpeg\"><img loading=\"lazy\" decoding=\"async\" class=\"aligncenter size-full wp-image-97923\" src=\"https:\/\/primicias2262.com\/wp-content\/uploads\/2023\/02\/mariana-saed-caceres.jpeg\" alt=\"\" width=\"1024\" height=\"768\" \/><\/a>A la hora de explicar el proyecto, la coordinadora precis\u00f3 que <strong>\u201cest\u00e1 dirigida a j\u00f3venes de 15 a 18 a\u00f1os<\/strong>, es un nuevo proyecto que lanza la Provincia dirigido a los chicos que se desvincularon de la escuela, sobre todo en pandemia como punto inicial. Por ley en Argentina el secundario es un nivel educativo obligatorio y tenemos que tratar de re captar a esos chicos, y esta propuesta viene a unir la formaci\u00f3n profesional con el nivel secundario, entonces prepar\u00e1s a los pibes para el mundo del trabajo, con una salida laboral inmediata, porque son orientaciones con alta salida laboral\u201d.<\/p>\n<p>Incluso, \u201ctambi\u00e9n es nuestro trabajo ense\u00f1arles que el mundo del trabajo no es solo en relaci\u00f3n de dependencia, queremos formar emprendedores y cooperativas de trabajo. Hay muchas formas en el mundo laboral que hacen que los chicos no tengan que depender de que otra persona los contrate\u201d, manifest\u00f3.<\/p>\n<p>En el caso de Sof\u00eda, quien es profesora de Pr\u00e1cticas del Lenguaje, se\u00f1al\u00f3 que \u201cestoy muy contenta con esta nueva propuesta, que representa un cambio para todo lo que es el sistema de educaci\u00f3n secundaria, ya que est\u00e1 abocada a la formaci\u00f3n de profesionales vinculada con la secundaria, as\u00ed que esto nos invita a repensar la educaci\u00f3n secundaria desde una mirada del acompa\u00f1amiento e interiorizaci\u00f3n de los docentes en la vida de nuestros estudiantes, para que se puedan formar dentro de este sistema nuevo con herramientas para estar insertos en el mercado laboral\u201d.<\/p>\n<p><a href=\"https:\/\/primicias2262.com\/wp-content\/uploads\/2023\/02\/sofia-lazovich-fernandez.jpeg\"><img loading=\"lazy\" decoding=\"async\" class=\"aligncenter size-full wp-image-97924\" src=\"https:\/\/primicias2262.com\/wp-content\/uploads\/2023\/02\/sofia-lazovich-fernandez.jpeg\" alt=\"\" width=\"1024\" height=\"768\" \/><\/a>Finalmente, ambas se\u00f1alaron que las clases inician los primeros d\u00edas de marzo y las inscripciones est\u00e1n abiertas, aunque hay una comisi\u00f3n de solo 15 alumnos en cada escuela. \u201cInvitamos a todos los que est\u00e9n interesados, que vayan a los establecimientos, se pueden acercar para inscribirse en los horarios de cursada que mencionamos, al tel\u00e9fono fijo 42-4805 o al celular 2262-478723 (solo WhatsApp)\u201d, destac\u00f3 Saed C\u00e1ceres.<\/p>\n","protected":false},"excerpt":{"rendered":"<p>Tres espacios se abren a partir de marzo en la ciudad, apuntando a captar a aquellos alumnos que desertaron de la escuela, sobre todo en pandemia, y con una propuesta que une a la Formaci\u00f3n Profesional con el Secundario, \u201centonces prepar\u00e1s a los pibes para el mundo del trabajo\u201d, destacaron. Mariana Saed C\u00e1ceres y Sof\u00eda [&hellip;]<\/p>\n","protected":false},"author":3,"featured_media":97925,"comment_status":"closed","ping_status":"closed","sticky":false,"template":"","format":"standard","meta":{"footnotes":""},"categories":[3],"tags":[],"class_list":["post-97917","post","type-post","status-publish","format-standard","has-post-thumbnail","category-masnoticias"],"_links":{"self":[{"href":"https:\/\/primicias2262.com\/noticias\/wp-json\/wp\/v2\/posts\/97917","targetHints":{"allow":["GET"]}}],"collection":[{"href":"https:\/\/primicias2262.com\/noticias\/wp-json\/wp\/v2\/posts"}],"about":[{"href":"https:\/\/primicias2262.com\/noticias\/wp-json\/wp\/v2\/types\/post"}],"author":[{"embeddable":true,"href":"https:\/\/primicias2262.com\/noticias\/wp-json\/wp\/v2\/users\/3"}],"replies":[{"embeddable":true,"href":"https:\/\/primicias2262.com\/noticias\/wp-json\/wp\/v2\/comments?post=97917"}],"version-history":[{"count":0,"href":"https:\/\/primicias2262.com\/noticias\/wp-json\/wp\/v2\/posts\/97917\/revisions"}],"wp:attachment":[{"href":"https:\/\/primicias2262.com\/noticias\/wp-json\/wp\/v2\/media?parent=97917"}],"wp:term":[{"taxonomy":"category","embeddable":true,"href":"https:\/\/primicias2262.com\/noticias\/wp-json\/wp\/v2\/categories?post=97917"},{"taxonomy":"post_tag","embeddable":true,"href":"https:\/\/primicias2262.com\/noticias\/wp-json\/wp\/v2\/tags?post=97917"}],"curies":[{"name":"wp","href":"https:\/\/api.w.org\/{rel}","templated":true}]}}