{"id":97927,"date":"2023-02-28T10:26:05","date_gmt":"2023-02-28T13:26:05","guid":{"rendered":"https:\/\/primicias2262.com\/?p=97927"},"modified":"2023-02-28T10:26:05","modified_gmt":"2023-02-28T13:26:05","slug":"las-huellas-del-mal-de-federico-andahazi-se-presenta-esta-semana-en-quequen-y-necochea","status":"publish","type":"post","link":"https:\/\/primicias2262.com\/noticias\/las-huellas-del-mal-de-federico-andahazi-se-presenta-esta-semana-en-quequen-y-necochea\/","title":{"rendered":"\u201cLas Huellas del Mal\u201d, de Federico Andahazi, se presenta esta semana en Quequ\u00e9n y Necochea"},"content":{"rendered":"<p><strong>El jueves 2 en el Exhotel Quequ\u00e9n a las 11.30 y el viernes 3 a las 19.30 en Turismo, 2 y 87, todo con acceso libre y gratuito. El libro en formato novela del reconocido psic\u00f3logo y escritor, est\u00e1 inspirado en un hecho incre\u00edblemente real en Quequ\u00e9n, un episodio que marc\u00f3 un antes y un despu\u00e9s en la historia.<\/strong><\/p>\n<p>Y no solo en la historia universal, sino, sobre todo, en el mundo de la literatura: el cuento, la novela y, a\u00f1os m\u00e1s tarde, el cine. Y ese hecho trascendental sucedi\u00f3 en la Argentina, en los suburbios de la naciente ciudad de Necochea.<\/p>\n<p>En el marco de la Feria del Libro y de las Artes, que se realiza en septiembre pero tendr\u00e1 una primera etapa ahora en marzo por un hecho excepcional, este jueves 2 de marzo a las 11.30 en el exhotel Quequ\u00e9n, de 502 y 515, se presentar\u00e1 la novela \u201cLas Huellas del Mal\u201d, realizada por el reconocido psic\u00f3logo y escritor, Federico Andahazi.<\/p>\n<p>Cristina Murray, de la Feria del Libro, pas\u00f3 por los estudios de \u201cVoces de la Ciudad\u201d y en di\u00e1logo con el periodista Jorge G\u00f3mez puso en contexto la cuesti\u00f3n: \u201cEn principio tendremos un encuentro con Agust\u00edn Achaval, que es descendiente de la familias fundadoras de Quequ\u00e9n, y fue el promotor de que el edificio de 502 y 515 no se demoliera y se reconvirtiera en un apart hotel, y es propietario de uno de los apartamentos\u201d. Precisamente, ese apart es el hotel que inspir\u00f3 el libro de Federico Andahazi, teniendo como motor un caso policial que tuvo lugar all\u00ed en Quequ\u00e9n en 1892. Adem\u00e1s, la obra ser\u00e1 presentada en Necochea el viernes 3 a las 19.30 en 2 y 87, en la Secretar\u00eda de Turismo.<\/p>\n<p><a href=\"https:\/\/primicias2262.com\/wp-content\/uploads\/2023\/02\/cristina-murray.jpeg\"><img loading=\"lazy\" decoding=\"async\" class=\"aligncenter size-full wp-image-97921\" src=\"https:\/\/primicias2262.com\/wp-content\/uploads\/2023\/02\/cristina-murray.jpeg\" alt=\"\" width=\"1024\" height=\"768\" \/><\/a>Respecto a la jornada del jueves, Cristina acot\u00f3 que habr\u00e1 un almuerzo pos presentaci\u00f3n del libro \u201cy luego nos encontraremos en el comienzo del Camino de la Ribera, a las 15, en Del Valle 66 y Ruta 86, y vamos a hacer ese camino hacia Las Cascadas, ya que los acontecimientos de la historia suceden en esa zona\u201d.<\/p>\n<p>\u201cSi bien la Feria es en la primera semana de septiembre, esto un inicio de actividades, sabemos que a Federico (Andahazi) es imposible tenerlo en esa fecha y ya que ten\u00eda la primera semana libre de marzo lo aprovechamos\u201d, mencion\u00f3 Murray, insistiendo en que es libre y gratuito todo. \u201cNo siempre Necochea y Quequ\u00e9n son protagonistas de una novela, entonces hab\u00eda que presentarlo, desperdici\u00e1bamos un hecho cultural importante si no lo hac\u00edamos.<\/p>\n<p><a href=\"https:\/\/primicias2262.com\/wp-content\/uploads\/2023\/02\/andahazi-necochea.jpeg\"><img loading=\"lazy\" decoding=\"async\" class=\"aligncenter size-full wp-image-97919\" src=\"https:\/\/primicias2262.com\/wp-content\/uploads\/2023\/02\/andahazi-necochea.jpeg\" alt=\"\" width=\"589\" height=\"417\" \/><\/a>Vale destacarse que \u201cLas Huellas del Mal\u201d, en definiciones del mismo Andahazi, est\u00e1 inspirado en un hecho incre\u00edblemente real en Quequ\u00e9n, un episodio que marc\u00f3 un antes y un despu\u00e9s en la historia. Y no solo en la historia universal, sino, sobre todo, en el mundo de la literatura: el cuento, la novela y, a\u00f1os m\u00e1s tarde, el cine. Se trata de un hecho ominoso que muchos intentaron silenciar: dos hermanitos aparecen asesinados en una modesta casa de los arrabales que circundan el puerto de Quequ\u00e9n. La polic\u00eda local r\u00e1pidamente imputa a un allegado de la familia, lo encarcela y pretende dar por cerrado el caso. Sin embargo, antes de que eso ocurra, llegan a la naciente ciudad dos extra\u00f1os personajes que parecen venidos del futuro. Uno de ellos es Juan Vucetich, un inmigrante croata, cient\u00edfico y crimin\u00f3logo autodidacta, que acaba de concebir un m\u00e9todo de investigaci\u00f3n sorprendente. El otro, su ayudante, es Marcos Diamant, un detective jud\u00edo que tiene la habilidad de resolver cr\u00edmenes basado en las tramas de las tragedias griegas, quien encontrar\u00e1 en Eur\u00edpides todos los patrones de los dramas humanos que conducen al homicidio.<\/p>\n","protected":false},"excerpt":{"rendered":"<p>El jueves 2 en el Exhotel Quequ\u00e9n a las 11.30 y el viernes 3 a las 19.30 en Turismo, 2 y 87, todo con acceso libre y gratuito. El libro en formato novela del reconocido psic\u00f3logo y escritor, est\u00e1 inspirado en un hecho incre\u00edblemente real en Quequ\u00e9n, un episodio que marc\u00f3 un antes y un [&hellip;]<\/p>\n","protected":false},"author":3,"featured_media":97920,"comment_status":"closed","ping_status":"closed","sticky":false,"template":"","format":"standard","meta":{"footnotes":""},"categories":[3],"tags":[],"class_list":["post-97927","post","type-post","status-publish","format-standard","has-post-thumbnail","category-masnoticias"],"_links":{"self":[{"href":"https:\/\/primicias2262.com\/noticias\/wp-json\/wp\/v2\/posts\/97927","targetHints":{"allow":["GET"]}}],"collection":[{"href":"https:\/\/primicias2262.com\/noticias\/wp-json\/wp\/v2\/posts"}],"about":[{"href":"https:\/\/primicias2262.com\/noticias\/wp-json\/wp\/v2\/types\/post"}],"author":[{"embeddable":true,"href":"https:\/\/primicias2262.com\/noticias\/wp-json\/wp\/v2\/users\/3"}],"replies":[{"embeddable":true,"href":"https:\/\/primicias2262.com\/noticias\/wp-json\/wp\/v2\/comments?post=97927"}],"version-history":[{"count":0,"href":"https:\/\/primicias2262.com\/noticias\/wp-json\/wp\/v2\/posts\/97927\/revisions"}],"wp:attachment":[{"href":"https:\/\/primicias2262.com\/noticias\/wp-json\/wp\/v2\/media?parent=97927"}],"wp:term":[{"taxonomy":"category","embeddable":true,"href":"https:\/\/primicias2262.com\/noticias\/wp-json\/wp\/v2\/categories?post=97927"},{"taxonomy":"post_tag","embeddable":true,"href":"https:\/\/primicias2262.com\/noticias\/wp-json\/wp\/v2\/tags?post=97927"}],"curies":[{"name":"wp","href":"https:\/\/api.w.org\/{rel}","templated":true}]}}