{"id":97929,"date":"2023-02-28T10:39:01","date_gmt":"2023-02-28T13:39:01","guid":{"rendered":"https:\/\/primicias2262.com\/?p=97929"},"modified":"2023-02-28T10:39:01","modified_gmt":"2023-02-28T13:39:01","slug":"comienzan-las-clases-y-en-pancitas-contentas-se-reciben-donaciones","status":"publish","type":"post","link":"https:\/\/primicias2262.com\/noticias\/comienzan-las-clases-y-en-pancitas-contentas-se-reciben-donaciones\/","title":{"rendered":"Comienzan las clases y en \u201cPancitas Contentas\u201d se reciben donaciones"},"content":{"rendered":"<p><strong>Uno de los tantos merenderos de la ciudad que brinda asistencia a ni\u00f1os y familias, \u201cPancitas Contentas\u201d, de Patricia Laorca, solicita a la comunidad apoyo para recolectar \u00fatiles de cara al inicio del ciclo lectivo.<\/strong><\/p>\n<p>En los estudios de \u201cVoces de la Ciudad\u201d, Laorca dialog\u00f3 con el periodista Jorge G\u00f3mez, donde se\u00f1al\u00f3 que se reciben donaciones de calzados, mochilas, cuadernos, l\u00e1pices y guardapolvos que no se usen, en la sede del merendero, en 63 bis N\u00ba 4662 entre 98 y 100, barrios Jos\u00e9 Hern\u00e1ndez y Fonavi.<\/p>\n<p>La referente comunitaria asegur\u00f3 que \u201cestamos trabajando bastante porque hay mucha necesidad, est\u00e1n muy caras las cosas y los sueldos son cada vez m\u00e1s chicos, el valor del peso hoy no es nada. Hay muchas familias que lamentablemente no tienen recursos para comprar y cuando tienen muchos chicos acuden a pedir ayuda a los merenderos\u201d.<\/p>\n<p><a href=\"https:\/\/primicias2262.com\/wp-content\/uploads\/2023\/02\/patricia-laorca.jpeg\"><img loading=\"lazy\" decoding=\"async\" class=\"aligncenter size-full wp-image-97936\" src=\"https:\/\/primicias2262.com\/wp-content\/uploads\/2023\/02\/patricia-laorca.jpeg\" alt=\"\" width=\"1024\" height=\"768\" \/><\/a>Pancitas Contentas est\u00e1 colaborando a su vez con otros merenderos, y al respecto Laorca mencion\u00f3 que \u201ctenemos muchos merenderos que no reciben ninguna ayuda, entonces nos vamos pasando cosas entre las instituciones para ir cubriendo la necesidad de los diferentes barrios\u201d.<\/p>\n<p>Finalmente, Laorca resalt\u00f3 que \u201chay mucha necesidad tanto en chicos como grandes, gente en situaci\u00f3n de calle, gente con viviendas muy precarias, estamos juntando silo bolsas de cara al invierno duro que se viene y mercader\u00eda como alimentos no perecederos: fideos, arroz, yerba, az\u00facar, aceite, pur\u00e9 de tomates. Hay escasez de mercader\u00eda y mucha necesidad\u2026 si estamos en febrero y estamos as\u00ed, no me quiero imaginar lo que se viene para el invierno\u201d.<\/p>\n","protected":false},"excerpt":{"rendered":"<p>Uno de los tantos merenderos de la ciudad que brinda asistencia a ni\u00f1os y familias, \u201cPancitas Contentas\u201d, de Patricia Laorca, solicita a la comunidad apoyo para recolectar \u00fatiles de cara al inicio del ciclo lectivo. En los estudios de \u201cVoces de la Ciudad\u201d, Laorca dialog\u00f3 con el periodista Jorge G\u00f3mez, donde se\u00f1al\u00f3 que se reciben [&hellip;]<\/p>\n","protected":false},"author":3,"featured_media":73177,"comment_status":"closed","ping_status":"closed","sticky":false,"template":"","format":"standard","meta":{"footnotes":""},"categories":[3],"tags":[],"class_list":["post-97929","post","type-post","status-publish","format-standard","has-post-thumbnail","category-masnoticias"],"_links":{"self":[{"href":"https:\/\/primicias2262.com\/noticias\/wp-json\/wp\/v2\/posts\/97929","targetHints":{"allow":["GET"]}}],"collection":[{"href":"https:\/\/primicias2262.com\/noticias\/wp-json\/wp\/v2\/posts"}],"about":[{"href":"https:\/\/primicias2262.com\/noticias\/wp-json\/wp\/v2\/types\/post"}],"author":[{"embeddable":true,"href":"https:\/\/primicias2262.com\/noticias\/wp-json\/wp\/v2\/users\/3"}],"replies":[{"embeddable":true,"href":"https:\/\/primicias2262.com\/noticias\/wp-json\/wp\/v2\/comments?post=97929"}],"version-history":[{"count":0,"href":"https:\/\/primicias2262.com\/noticias\/wp-json\/wp\/v2\/posts\/97929\/revisions"}],"wp:attachment":[{"href":"https:\/\/primicias2262.com\/noticias\/wp-json\/wp\/v2\/media?parent=97929"}],"wp:term":[{"taxonomy":"category","embeddable":true,"href":"https:\/\/primicias2262.com\/noticias\/wp-json\/wp\/v2\/categories?post=97929"},{"taxonomy":"post_tag","embeddable":true,"href":"https:\/\/primicias2262.com\/noticias\/wp-json\/wp\/v2\/tags?post=97929"}],"curies":[{"name":"wp","href":"https:\/\/api.w.org\/{rel}","templated":true}]}}