{"id":97931,"date":"2023-02-28T00:45:25","date_gmt":"2023-02-28T03:45:25","guid":{"rendered":"https:\/\/primicias2262.com\/?p=97931"},"modified":"2023-02-28T00:45:25","modified_gmt":"2023-02-28T03:45:25","slug":"amplia-articulacion-para-brindar-cuidado-a-alumnos-por-el-ultimo-primer-dia","status":"publish","type":"post","link":"https:\/\/primicias2262.com\/noticias\/amplia-articulacion-para-brindar-cuidado-a-alumnos-por-el-ultimo-primer-dia\/","title":{"rendered":"Amplia articulaci\u00f3n para brindar cuidado a alumnos por el \u00daltimo Primer D\u00eda"},"content":{"rendered":"<p><strong>\u201cLa premisa es el cuidado de nuestros j\u00f3venes\u201d, aseguraron desde la mesa municipal, educativa y policial que se form\u00f3 en torno al UPD que celebrar\u00e1n m\u00e1s de 1500 alumnos que inician el \u00faltimo a\u00f1o de la secundaria este mi\u00e9rcoles.<\/strong><\/p>\n<p>Con el inicio del Ciclo Lectivo 2023 a muy pocas horas, se realiz\u00f3 en las oficinas de la Secretar\u00eda de Turismo una reuni\u00f3n entre diversas \u00e1reas municipales, autoridades educativas y fuerzas de seguridad para desarrollar una m\u00faltiple articulaci\u00f3n de cara al operativo preventivo de los festejos por el \u201cUltimo Primer D\u00eda\u201d.<\/p>\n<p>La fiesta conocida como UPD ya es un cl\u00e1sico de cada inicio de clases y tiene como protagonistas este a\u00f1o a casi 1700 alumnos que comienzan su \u00faltimo a\u00f1o de secundaria. Es decir, alrededor de 1300 estudiantes de la gesti\u00f3n Estatal y otros 400 de la gesti\u00f3n Privada festejar\u00e1n este mi\u00e9rcoles 1\u00ba de marzo antes de ingresar a los establecimientos y por ello se piensa en acciones de acompa\u00f1amiento desde las autoridades y mensajes de concientizaci\u00f3n a los padres.<\/p>\n<p><a href=\"https:\/\/primicias2262.com\/wp-content\/uploads\/2023\/02\/FOTO-reunion-previa-UPD2.jpeg\"><img loading=\"lazy\" decoding=\"async\" class=\"aligncenter size-full wp-image-97934\" src=\"https:\/\/primicias2262.com\/wp-content\/uploads\/2023\/02\/FOTO-reunion-previa-UPD2.jpeg\" alt=\"\" width=\"1600\" height=\"1066\" \/><\/a>Una vez culminada la reuni\u00f3n, la Jefa Distrital de Educaci\u00f3n, Soledad Moreno, enfatiz\u00f3 que \u201ces una tarea que nos responsabiliza a todos, poder cuidar a nuestros estudiantes y j\u00f3venes de las secundarias de todo el distrito, con actividades espec\u00edficas de educaci\u00f3n que se est\u00e1n trabajando previamente al inicio el 1\u00ba de marzo, y con las familias incluidas\u201d.<\/p>\n<div class=\"wp-block-media-text alignwide is-stacked-on-mobile\">\n<div class=\"wp-block-media-text__content\">\n<p>Por tal motivo, destac\u00f3 que \u201ces un trabajo de articulaci\u00f3n donde podemos aportar cada uno para que esto se lleve a cabo\u201d, y acot\u00f3 que sobre el UPD que \u201clos estudiantes tienen esa identidad de poder festejar su \u00daltimo Primer D\u00eda de la escuela, pero que lo hagan de una manera cuidada es el objetivo de la reuni\u00f3n\u201d.<\/p>\n<p>Moreno detall\u00f3 que habr\u00eda alrededor de 1700 estudiantes afectados a estos festejos, 1300 de gesti\u00f3n Estatal y unos 400 de gesti\u00f3n Privada. \u201cLo primero que pudimos pensar juntos fue detectar aquellos lugares donde se van a concentrar los chicos para esta fiesta de despedida y poder hacer el acompa\u00f1amiento con las diferentes \u00e1reas municipales\u201d, se\u00f1al\u00f3 desde la perspectiva de la log\u00edstica a llevar a cabo.<\/p>\n<p><a href=\"https:\/\/primicias2262.com\/wp-content\/uploads\/2023\/02\/FOTO-Soledad-Moreno.jpeg\"><img loading=\"lazy\" decoding=\"async\" class=\"aligncenter size-full wp-image-97935\" src=\"https:\/\/primicias2262.com\/wp-content\/uploads\/2023\/02\/FOTO-Soledad-Moreno.jpeg\" alt=\"\" width=\"1600\" height=\"1066\" \/><\/a>Asimismo, comprometiendo a la sociedad la autoridad educativa afirm\u00f3 que \u201ctodos los ciudadanos adultos tenemos la responsabilidad de cuidarlos hasta que lleguen a la escuela, que los va a estar esperando, y si bien todos los estudiantes tienen el ingreso a la escuela garantizado, tambi\u00e9n tenemos que ver si hay alguna particularidad a la que va a responder su familia o responsable adulto en t\u00e9rminos de cuidado integral\u201d.<\/p>\n<\/div>\n<\/div>\n<div class=\"elementor elementor-47918 dce-elementor-post-77734 elementor-location-single post-77734 post type-post status-publish format-standard has-post-thumbnail hentry category-social category-prensa category-gobierno category-turismo\" data-elementor-type=\"single\" data-elementor-id=\"47918\" data-post-id=\"77734\" data-obj-id=\"77734\">\n<div class=\"elementor-section-wrap\">\n<section class=\"elementor-section elementor-top-section elementor-element elementor-element-2fa324cd elementor-section-boxed elementor-section-height-default elementor-section-height-default\" data-id=\"2fa324cd\" data-element_type=\"section\" data-settings=\"{&quot;jet_parallax_layout_list&quot;:[]}\">\n<div class=\"elementor-container elementor-column-gap-default\">\n<div class=\"elementor-row\">\n<div class=\"elementor-column elementor-col-100 elementor-top-column elementor-element elementor-element-3799173d\" data-id=\"3799173d\" data-element_type=\"column\">\n<div class=\"elementor-column-wrap elementor-element-populated\">\n<div class=\"elementor-widget-wrap\">\n<div class=\"elementor-element elementor-element-4e81b259 elementor-widget elementor-widget-theme-post-content\" data-id=\"4e81b259\" data-element_type=\"widget\" data-widget_type=\"theme-post-content.default\">\n<div class=\"elementor-widget-container\">\n<div class=\"wp-block-media-text alignwide is-stacked-on-mobile\">\n<div class=\"wp-block-media-text__content\">\n<p>Por su parte, en representaci\u00f3n del Departamento Ejecutivo, el subsecretario de Prevenci\u00f3n y Monitoreo municipal, \u00c1ngel V\u00e1zquez, se\u00f1al\u00f3 que \u201cel a\u00f1o pasado tuvimos una experiencia positiva en relaci\u00f3n a esto, acompa\u00f1ando nosotros y los padres de los alumnos, que fue algo muy lindo porque hab\u00eda puntos que ellos mismos correg\u00edan\u201d, a lo que agreg\u00f3 que \u201clas \u00e1reas del Municipio est\u00e1n todas a disposici\u00f3n y vamos a trabajar en ello. Esperemos que sea una linda fiesta y apuntamos a que los comerciantes que tengan la posibilidad de albergar a los j\u00f3venes en sus lugares sean conscientes de este festejo y no haya que lamentar ninguna situaci\u00f3n indeseable\u201d.<\/p>\n<\/div>\n<\/div>\n<p>Finalmente, Moreno agreg\u00f3 que \u201csabemos que los chicos van a estar en distintos lugares concentrados y despu\u00e9s como todos los a\u00f1os se dirigir\u00e1n a la plaza del centro donde se juntan todas las escuelas a festejar y despu\u00e9s van hacia las escuelas. A las 7.30 AM es el horario de ingreso a las instituciones y ese ser\u00eda el punto de desconcentraci\u00f3n de la plaza,donde estar\u00e1n desde alrededor de las 5.30 o 6.00&#8243;.<\/p>\n<p>Por el municipio de Necochea, adem\u00e1s del mencionado V\u00e1zquez, tomaron parte de la reuni\u00f3n de articulaci\u00f3n por el UPD el secretario de Turismo y Producci\u00f3n, Mat\u00edas Sierra; la secretaria de Salud, Andrea Perestiuk; la directora de Educaci\u00f3n, Mariela Cellerino; el director de Control Urbano, Juan Manuel Laportilla, y sus pares de Guardaparques (Juli\u00e1n Zugaz\u00faa), Tr\u00e1nsito (Pablo Gonz\u00e1lez Dozo), Defensa Civil (Augusto Fulton) y Transporte (Facundo Croci); adem\u00e1s de la responsable de Juventud, Valeria Garrido.<\/p>\n<\/div>\n<\/div>\n<\/div>\n<\/div>\n<\/div>\n<\/div>\n<\/div>\n<\/section>\n<\/div>\n<\/div>\n<div id=\"elementor-popup-modal-75982\" class=\"dialog-widget dialog-lightbox-widget dialog-type-buttons dialog-type-lightbox elementor-popup-modal\">\n<div class=\"dialog-widget-content dialog-lightbox-widget-content animated\">\n<div class=\"dialog-message dialog-lightbox-message\">\n<div class=\"elementor elementor-75982 dce-elementor-post-77734 elementor-location-popup\" data-elementor-type=\"popup\" data-elementor-id=\"75982\" data-post-id=\"77734\" data-obj-id=\"77734\" data-elementor-settings=\"{&quot;entrance_animation&quot;:&quot;fadeInUp&quot;,&quot;entrance_animation_duration&quot;:{&quot;unit&quot;:&quot;px&quot;,&quot;size&quot;:0.8,&quot;sizes&quot;:[]},&quot;prevent_close_on_background_click&quot;:&quot;yes&quot;,&quot;prevent_close_on_esc_key&quot;:&quot;yes&quot;,&quot;triggers&quot;:{&quot;page_load_delay&quot;:0.2,&quot;page_load&quot;:&quot;yes&quot;},&quot;timing&quot;:{&quot;devices_devices&quot;:[&quot;desktop&quot;,&quot;mobile&quot;],&quot;devices&quot;:&quot;yes&quot;}}\">\n<div class=\"elementor-section-wrap\">\n<section class=\"elementor-section elementor-top-section elementor-element elementor-element-8e94703 elementor-hidden-tablet elementor-section-boxed elementor-section-height-default elementor-section-height-default\" data-dce-background-color=\"#FFFFFF00\" data-id=\"8e94703\" data-element_type=\"section\" data-settings=\"{&quot;background_background&quot;:&quot;classic&quot;,&quot;jet_parallax_layout_list&quot;:[]}\">\n<div class=\"elementor-container elementor-column-gap-default\">\n<div class=\"elementor-row\">\n<div class=\"elementor-column elementor-col-100 elementor-top-column elementor-element elementor-element-9596d4a\" data-dce-background-color=\"#FFFFFF00\" data-id=\"9596d4a\" data-element_type=\"column\" data-settings=\"{&quot;background_background&quot;:&quot;classic&quot;}\">\n<div class=\"elementor-column-wrap elementor-element-populated\">\n<div class=\"elementor-widget-wrap\">\n<div class=\"elementor-element elementor-element-e5691c6 elementor-align-center elementor-widget elementor-widget-lottie\" data-id=\"e5691c6\" data-element_type=\"widget\" data-settings=\"{&quot;source_json&quot;:{&quot;url&quot;:&quot;https:\\\/\\\/necochea.gov.ar\\\/wp-content\\\/uploads\\\/2022\\\/11\\\/33991-whatsapp.json&quot;,&quot;id&quot;:76136,&quot;alt&quot;:&quot;&quot;,&quot;source&quot;:&quot;library&quot;},&quot;link_to&quot;:&quot;custom&quot;,&quot;custom_link&quot;:{&quot;url&quot;:&quot;https:\\\/\\\/api.whatsapp.com\\\/send?phone=5493764500055&amp;text=Hola&quot;,&quot;is_external&quot;:&quot;&quot;,&quot;nofollow&quot;:&quot;&quot;,&quot;custom_attributes&quot;:&quot;&quot;},&quot;loop&quot;:&quot;yes&quot;,&quot;source&quot;:&quot;media_file&quot;,&quot;caption_source&quot;:&quot;none&quot;,&quot;trigger&quot;:&quot;arriving_to_viewport&quot;,&quot;viewport&quot;:{&quot;unit&quot;:&quot;%&quot;,&quot;size&quot;:&quot;&quot;,&quot;sizes&quot;:{&quot;start&quot;:0,&quot;end&quot;:100}},&quot;play_speed&quot;:{&quot;unit&quot;:&quot;px&quot;,&quot;size&quot;:1,&quot;sizes&quot;:[]},&quot;start_point&quot;:{&quot;unit&quot;:&quot;%&quot;,&quot;size&quot;:&quot;0&quot;,&quot;sizes&quot;:[]},&quot;end_point&quot;:{&quot;unit&quot;:&quot;%&quot;,&quot;size&quot;:&quot;100&quot;,&quot;sizes&quot;:[]},&quot;renderer&quot;:&quot;svg&quot;}\" data-widget_type=\"lottie.default\">\n<div class=\"elementor-widget-container\">\n<div class=\"e-lottie__container\">\n<div class=\"e-lottie__animation\"><\/div>\n<\/div>\n<\/div>\n<\/div>\n<\/div>\n<\/div>\n<\/div>\n<\/div>\n<\/div>\n<\/section>\n<\/div>\n<\/div>\n<\/div>\n<\/div>\n<\/div>\n","protected":false},"excerpt":{"rendered":"<p>\u201cLa premisa es el cuidado de nuestros j\u00f3venes\u201d, aseguraron desde la mesa municipal, educativa y policial que se form\u00f3 en torno al UPD que celebrar\u00e1n m\u00e1s de 1500 alumnos que inician el \u00faltimo a\u00f1o de la secundaria este mi\u00e9rcoles. Con el inicio del Ciclo Lectivo 2023 a muy pocas horas, se realiz\u00f3 en las oficinas [&hellip;]<\/p>\n","protected":false},"author":3,"featured_media":97933,"comment_status":"closed","ping_status":"closed","sticky":false,"template":"","format":"standard","meta":{"footnotes":""},"categories":[3],"tags":[],"class_list":["post-97931","post","type-post","status-publish","format-standard","has-post-thumbnail","category-masnoticias"],"_links":{"self":[{"href":"https:\/\/primicias2262.com\/noticias\/wp-json\/wp\/v2\/posts\/97931","targetHints":{"allow":["GET"]}}],"collection":[{"href":"https:\/\/primicias2262.com\/noticias\/wp-json\/wp\/v2\/posts"}],"about":[{"href":"https:\/\/primicias2262.com\/noticias\/wp-json\/wp\/v2\/types\/post"}],"author":[{"embeddable":true,"href":"https:\/\/primicias2262.com\/noticias\/wp-json\/wp\/v2\/users\/3"}],"replies":[{"embeddable":true,"href":"https:\/\/primicias2262.com\/noticias\/wp-json\/wp\/v2\/comments?post=97931"}],"version-history":[{"count":0,"href":"https:\/\/primicias2262.com\/noticias\/wp-json\/wp\/v2\/posts\/97931\/revisions"}],"wp:attachment":[{"href":"https:\/\/primicias2262.com\/noticias\/wp-json\/wp\/v2\/media?parent=97931"}],"wp:term":[{"taxonomy":"category","embeddable":true,"href":"https:\/\/primicias2262.com\/noticias\/wp-json\/wp\/v2\/categories?post=97931"},{"taxonomy":"post_tag","embeddable":true,"href":"https:\/\/primicias2262.com\/noticias\/wp-json\/wp\/v2\/tags?post=97931"}],"curies":[{"name":"wp","href":"https:\/\/api.w.org\/{rel}","templated":true}]}}