{"id":97957,"date":"2023-03-01T08:50:34","date_gmt":"2023-03-01T11:50:34","guid":{"rendered":"https:\/\/primicias2262.com\/?p=97957"},"modified":"2023-03-01T08:50:34","modified_gmt":"2023-03-01T11:50:34","slug":"que-estemos-a-la-altura-de-las-circunstancias-y-no-nos-distraigan-las-contiendas-electorales","status":"publish","type":"post","link":"https:\/\/primicias2262.com\/noticias\/que-estemos-a-la-altura-de-las-circunstancias-y-no-nos-distraigan-las-contiendas-electorales\/","title":{"rendered":"\u201cQue estemos a la altura de las circunstancias y no nos distraigan las contiendas electorales\u201d"},"content":{"rendered":"<p><strong>As\u00ed lo anhel\u00f3 el presidente del Honorable Concejo Deliberante, Guillermo S\u00e1nchez, a pocas horas de lo que ser\u00e1 la sesi\u00f3n inaugural de este mi\u00e9rcoles 1\u00ba de marzo, donde \u00e9l mismo dar\u00e1 la bienvenida y se destacar\u00e1 el discurso del intendente Arturo Rojas.<\/strong><\/p>\n<p>En el aire de \u201cVoces de la Ciudad\u201d, durante una nota telef\u00f3nica realizada por el periodista Jorge G\u00f3mez, S\u00e1nchez no soslay\u00f3 que el a\u00f1o electoral se meter\u00e1 en el seno del Concejo Deliberante este a\u00f1o.<\/p>\n<p>\u201cEl tema electoral, como siempre, va a entrar en todos los lugares de la sociedad y el Concejo no va a ser la excepci\u00f3n\u2026 la campa\u00f1a electoral ser\u00e1 parte del a\u00f1o legislativo\u201d, comenz\u00f3 reconociendo, y aport\u00f3 que \u201ccomo todo a\u00f1o electoral habr\u00e1 mucha doble funci\u00f3n de gesti\u00f3n y campa\u00f1a, as\u00ed sea siendo candidatos o participantes de un espacio, y esperemos que sea un gran a\u00f1o legislativo, que estemos a la altura de las circunstancias y no nos distraigan las peleas o las contiendas electorales y podamos desarrollarnos como debe ser\u201d.<\/p>\n<p>Seguidamente, sostuvo sobre la sesi\u00f3n que iniciar\u00e1 a las 19 del mi\u00e9rcoles que \u201cestamos todos esperando el discurso del intendente Arturo Rojas, que tendr\u00e1 su cuarto discurso, con un pron\u00f3stico de lo que va a ser este a\u00f1o electoral y de much\u00edsimo trabajo, y con un raconto de lo que fue el a\u00f1o pasado, lo que hemos trabajado y logrado\u201d.<\/p>\n<p>Asimismo, el presidente del HCD manifest\u00f3 entusiasmado que \u201carrancamos un a\u00f1o legislativo con mucho esperanza y confianza, con muchas ganas de trabajarlo, es uno de los a\u00f1os en el cual m\u00e1s expectativas tenemos por todo lo que viene, por la ratificaci\u00f3n de una nueva gesti\u00f3n y un gobierno que ha sido muy bueno y colmado muchas expectativas\u201d.<\/p>\n<p>Finalmente, acerca de la posibilidad de tener las primeras sesiones ordinarias el viernes 17 y el jueves 30 de marzo, revel\u00f3 que \u201cestamos charlando con el resto de los concejales y reorganizando este mes, y es muy probable que las dos primeras sesiones sean esos d\u00edas. El viernes 17 a la tarde y el jueves 30 a la ma\u00f1ana, y a partir de ah\u00ed todas a la ma\u00f1ana. Resta confirmarlo pero hay grandes posibilidades que sea as\u00ed\u201d, para confirmar a la pasada que ese viernes 17 jurar\u00e1n los concejales suplentes de Nueva Necochea, Marcela Garc\u00eda, Sandra Antenucci y Juan Manuel De La Calle.<\/p>\n","protected":false},"excerpt":{"rendered":"<p>As\u00ed lo anhel\u00f3 el presidente del Honorable Concejo Deliberante, Guillermo S\u00e1nchez, a pocas horas de lo que ser\u00e1 la sesi\u00f3n inaugural de este mi\u00e9rcoles 1\u00ba de marzo, donde \u00e9l mismo dar\u00e1 la bienvenida y se destacar\u00e1 el discurso del intendente Arturo Rojas. En el aire de \u201cVoces de la Ciudad\u201d, durante una nota telef\u00f3nica realizada [&hellip;]<\/p>\n","protected":false},"author":3,"featured_media":92621,"comment_status":"closed","ping_status":"closed","sticky":false,"template":"","format":"standard","meta":{"footnotes":""},"categories":[3],"tags":[],"class_list":["post-97957","post","type-post","status-publish","format-standard","has-post-thumbnail","category-masnoticias"],"_links":{"self":[{"href":"https:\/\/primicias2262.com\/noticias\/wp-json\/wp\/v2\/posts\/97957","targetHints":{"allow":["GET"]}}],"collection":[{"href":"https:\/\/primicias2262.com\/noticias\/wp-json\/wp\/v2\/posts"}],"about":[{"href":"https:\/\/primicias2262.com\/noticias\/wp-json\/wp\/v2\/types\/post"}],"author":[{"embeddable":true,"href":"https:\/\/primicias2262.com\/noticias\/wp-json\/wp\/v2\/users\/3"}],"replies":[{"embeddable":true,"href":"https:\/\/primicias2262.com\/noticias\/wp-json\/wp\/v2\/comments?post=97957"}],"version-history":[{"count":0,"href":"https:\/\/primicias2262.com\/noticias\/wp-json\/wp\/v2\/posts\/97957\/revisions"}],"wp:attachment":[{"href":"https:\/\/primicias2262.com\/noticias\/wp-json\/wp\/v2\/media?parent=97957"}],"wp:term":[{"taxonomy":"category","embeddable":true,"href":"https:\/\/primicias2262.com\/noticias\/wp-json\/wp\/v2\/categories?post=97957"},{"taxonomy":"post_tag","embeddable":true,"href":"https:\/\/primicias2262.com\/noticias\/wp-json\/wp\/v2\/tags?post=97957"}],"curies":[{"name":"wp","href":"https:\/\/api.w.org\/{rel}","templated":true}]}}