{"id":97979,"date":"2023-03-02T09:57:46","date_gmt":"2023-03-02T12:57:46","guid":{"rendered":"https:\/\/primicias2262.com\/?p=97979"},"modified":"2023-03-02T09:57:46","modified_gmt":"2023-03-02T12:57:46","slug":"la-deuda-de-la-usina-con-cammesa-asciende-a-mil-millones-no-es-sencillo-pero-hay-que-salir-adelante","status":"publish","type":"post","link":"https:\/\/primicias2262.com\/noticias\/la-deuda-de-la-usina-con-cammesa-asciende-a-mil-millones-no-es-sencillo-pero-hay-que-salir-adelante\/","title":{"rendered":"La deuda de la Usina con CAMMESA asciende a mil millones: \u201cNo es sencillo pero hay que salir adelante\u201d"},"content":{"rendered":"<p><strong>As\u00ed lo reconoci\u00f3 la presidenta del Consejo de Administraci\u00f3n de la Usina Popular Cooperativa \u201cSebast\u00edan De Mar\u00eda\u201d, Pilar Vitale, quien se\u00f1al\u00f3 en \u201cVoces de la Ciudad\u201d que son varias las cooperativas de la Provincia que arrastran una deuda millonaria.<\/strong><\/p>\n<p>En una nota realizada por el periodista Jorge G\u00f3mez, Vitale apunt\u00f3 que \u201cla cooperativa nuestra le est\u00e1 debiendo mil millones de pesos a CAMMESA (Compa\u00f1\u00eda Administradora del Mercado Mayorista El\u00e9ctrico Sociedad An\u00f3nima), pero varias cooperativas estamos en la misma, somos cinco cooperativas que no hemos firmado un acuerdo que s\u00ed firmaron otras cooperativas y ahora esas cooperativas quieren ir al acuerdo que vamos a ir nosotros\u201d.<\/p>\n<p>La m\u00e1xima autoridad de la UPC insisiti\u00f3 en que \u201cse debe mucha plata pero no escapa a la realidad de todas las cooperativas, se vio en la reuni\u00f3n de APEBA que estamos todas en el mismo barco, pero la uni\u00f3n hace a la fuerza, mandamos una nota para poder llegar a un arreglo nuevo\u201d, aunque reconoci\u00f3 que ser\u00e1 muy dif\u00edcil repuntar mientras no haya tarifa: \u201cMientras que no nos dejen aumentar la tarifa desde el gobierno provincial, ser\u00e1 muy dif\u00edcil\u201d, apunt\u00f3 en referencia al gobierno que dirige Axel Kicillof.<\/p>\n<p>De hecho, Vitale se\u00f1al\u00f3 que \u201cpara pagar en cuotas o a largo plazo hay que estar al d\u00eda con el pago mensual actual, y no se llega a cubrir el mismo. Se le pagan 160 millones a CAMMESA por mes y tenemos una recaudaci\u00f3n de 260 millones, pero tenemos que pagar sueldos y todo va aumentando, por lo que se le paga solo una parte a CAMMESA\u201d.<\/p>\n<p>Por ende, el tema del aumento de tarifa es fundamental para las autoridades de la Usina, y en relaci\u00f3n a eso parece que sobre la situaci\u00f3n reina la incertidumbre. \u201cParece que va a venir un aumento, pero mientras est\u00e9 gobierno provincial no s\u00e9 si va haber tarifa\u201d, lament\u00f3 la dirigente, al tiempo que remarc\u00f3 que \u201ctambi\u00e9n la cuota capital hay mucha gente que la ha dejado de pagar, que ser\u00eda importante que la paguen y es deuda que va quedando. Adem\u00e1s la cuota capital se usa en la cooperativa, porque se invierte en, gr\u00faa, en camionetas y en arreglos y mantenimiento\u201d.<\/p>\n<p>\u201cNo es sencillo el tema, pero hay que salir adelante y ayer se mand\u00f3 una nota, que es un plan de un grupo de cooperativas que estamos bregando por lo mismo, todos los d\u00edas est\u00e1s pensando en ese tema, veremos qu\u00e9 va a pasar y c\u00f3mo vamos a responder y c\u00f3mo lo soportaremos\u201d, manifest\u00f3 la veterana, dando cuenta de que cooperativas fuertes como Tandil, Luj\u00e1n, Tres Arroyos, Azul, 9 de Julio, Col\u00f3n, San Pedro y Chacabuco est\u00e1n en la misma.<\/p>\n<p>Finalmente, Vitale descart\u00f3 que tomen la medida de cortar el servicio de luz a aquellos que no abonan, por el contrario, invit\u00f3 a que \u201cvengan cuando tengan el aviso de corte y sepan que est\u00e1n debiendo, vayan a pagar, hay gente que puede pagar y no est\u00e1 pagando, pero eso no quiere decir que les vamos a cortar la luz a la gente\u201d.<\/p>\n<p>\u201cDe \u00faltima cuando alguien ve que un problema no se puede solucionar, vayan a la Usina y todo se habla, la cooperativa siempre les va a dar una mano. Tambi\u00e9n le decimos a la gente de servicios sociales que se acerquen a pagar, que vamos a hacer un plan por lo viejo y los volvemos a insertar en el sistema, necesitamos socios\u201d, concluy\u00f3.<\/p>\n","protected":false},"excerpt":{"rendered":"<p>As\u00ed lo reconoci\u00f3 la presidenta del Consejo de Administraci\u00f3n de la Usina Popular Cooperativa \u201cSebast\u00edan De Mar\u00eda\u201d, Pilar Vitale, quien se\u00f1al\u00f3 en \u201cVoces de la Ciudad\u201d que son varias las cooperativas de la Provincia que arrastran una deuda millonaria. En una nota realizada por el periodista Jorge G\u00f3mez, Vitale apunt\u00f3 que \u201cla cooperativa nuestra le [&hellip;]<\/p>\n","protected":false},"author":3,"featured_media":97983,"comment_status":"closed","ping_status":"closed","sticky":false,"template":"","format":"standard","meta":{"footnotes":""},"categories":[3],"tags":[],"class_list":["post-97979","post","type-post","status-publish","format-standard","has-post-thumbnail","category-masnoticias"],"_links":{"self":[{"href":"https:\/\/primicias2262.com\/noticias\/wp-json\/wp\/v2\/posts\/97979","targetHints":{"allow":["GET"]}}],"collection":[{"href":"https:\/\/primicias2262.com\/noticias\/wp-json\/wp\/v2\/posts"}],"about":[{"href":"https:\/\/primicias2262.com\/noticias\/wp-json\/wp\/v2\/types\/post"}],"author":[{"embeddable":true,"href":"https:\/\/primicias2262.com\/noticias\/wp-json\/wp\/v2\/users\/3"}],"replies":[{"embeddable":true,"href":"https:\/\/primicias2262.com\/noticias\/wp-json\/wp\/v2\/comments?post=97979"}],"version-history":[{"count":0,"href":"https:\/\/primicias2262.com\/noticias\/wp-json\/wp\/v2\/posts\/97979\/revisions"}],"wp:attachment":[{"href":"https:\/\/primicias2262.com\/noticias\/wp-json\/wp\/v2\/media?parent=97979"}],"wp:term":[{"taxonomy":"category","embeddable":true,"href":"https:\/\/primicias2262.com\/noticias\/wp-json\/wp\/v2\/categories?post=97979"},{"taxonomy":"post_tag","embeddable":true,"href":"https:\/\/primicias2262.com\/noticias\/wp-json\/wp\/v2\/tags?post=97979"}],"curies":[{"name":"wp","href":"https:\/\/api.w.org\/{rel}","templated":true}]}}