{"id":97980,"date":"2023-03-01T16:44:47","date_gmt":"2023-03-01T19:44:47","guid":{"rendered":"https:\/\/primicias2262.com\/?p=97980"},"modified":"2023-03-01T16:44:47","modified_gmt":"2023-03-01T19:44:47","slug":"la-unidad-en-el-radicalismo-local-no-existe-y-sera-necesario-dirimir-candidaturas-en-una-interna-previa","status":"publish","type":"post","link":"https:\/\/primicias2262.com\/noticias\/la-unidad-en-el-radicalismo-local-no-existe-y-sera-necesario-dirimir-candidaturas-en-una-interna-previa\/","title":{"rendered":"\u201cLa unidad en el radicalismo local no existe y ser\u00e1 necesario dirimir candidaturas en una interna previa\u201d"},"content":{"rendered":"<p><strong>As\u00ed lo dio a entender con tono autocr\u00edtico en los estudios de \u201cVoces de la Ciudad\u201d, la concejal de la Uni\u00f3n C\u00edvica Radical e integrante del Espacio de Mujeres \u201cElvira Rawson\u201d, Felicitas Cabret\u00f3n, durante una nota realizada por el periodista Jorge G\u00f3mez, donde la edil marc\u00f3 como necesaria una misma premisa para la UCR a nivel nacional, provincial y local.<\/strong><\/p>\n<p>Durante la nota realizada por el periodista Jorge G\u00f3mez, la dirigente hist\u00f3rica de la UCR e integrante de la CON (Corriente de Opini\u00f3n Nacional), se refiri\u00f3 al encuentro del pasado viernes con Federico Storani y referentes radicales con el fin de afirmar el apoyo que la CON le dar\u00e1 a la precandidatura presidencial de Gerardo Morales.<\/p>\n<p>En una mira macro del radicalismo, Cabret\u00f3n asegur\u00f3 en primer t\u00e9rmino que \u201cdesde la UCR necesitamos tener un precandidato a presidente que nos represente. Hace tiempo que venimos hablando con Storani y dem\u00e1s actores de la CON para tomar la postura m\u00e1s all\u00e1 de la alianza que form\u00f3 protagonismo en las elecciones internas de la provincia de Buenos Aires. Cre\u00edamos que era el momento de que la CON diera el apoyo a la precandidatura de Gerardo Morales, porque estamos convencidos no solo de que el radicalismo tiene que tener un candidato a presidente y un candidato a gobernador que nos representen, sino que ese candidato debe ser el \u00fanico que debe llegar a las instancias PASO, eso ser\u00e1 lo \u00fanico que fortalecer\u00e1 al radicalismo frente al PRO\u201d.<\/p>\n<p>\u201c\u00bfY c\u00f3mo llegar a esa instancia?\u201d se pregunt\u00f3, argumentando al instante que \u201cpara ello hay instancias previas, por ejemplo hace unos meses Facundo Manes y Gerardo Morales hab\u00edan acordado una interna abierta para que la gente pudiera decidir el candidato del radicalismo, pero ese se fue diluyendo porque Facundo no tom\u00f3 el fuerte compromiso que se necesitaba y nosotros desde la CON reclamamos que se diriman las precandidaturas presidenciales del radicalismo y del gobierno de la Provincia mediante una interna abierta o internas partidarias\u201d.<\/p>\n<p>\u201cEso no solo va a permitir que el radicalismo tenga un solo candidato frente al PRO en las elecciones PASO de agosto, sino que adem\u00e1s nos va a fortalecer, y la prueba est\u00e1 en la \u00faltima elecci\u00f3n interna de la Provincia que gan\u00f3 Maximiliano Abad con una gran concurrencia, fue algo sano y que fortaleci\u00f3 al radicalismo, y se acaba de esa manera con la elecci\u00f3n a dedo\u201d.<\/p>\n<p>Pues bien, para la edil, a nivel local debe imperar la misma l\u00f3gica. \u201cLa unidad en el radicalismo local no existe, no hay un proyecto pol\u00edtico consolidado que se haya venido trabajando de hace tiempo y que eso conduzca a un liderazgo natural, sin un candidato natural tampoco, por lo que ser\u00e1 necesario dirimir la cuesti\u00f3n en una interna partidaria previa a las PASO, ver la manera de resolverlo, y nosotras desde el Espacio de Mujeres \u201cElvira Rawson\u201d estamos dispuestas a competir y ver de qu\u00e9 manera podemos ser parte del radicalismo que la gente todav\u00eda a\u00f1ora tambi\u00e9n en nuestra ciudad, que represente a los necochenses y que tenga un proyecto pol\u00edtica para desarrollar en la ciudad\u201d, justific\u00f3.<\/p>\n<p>De hecho, afirm\u00f3 Cabret\u00f3n que \u201chay mucha gente que no es afiliada al partido pero que simpatiza con el radicalismo que nos pide otra vez que el radicalismo recupere su vigor y se vea como una posibilidad de conducir Juntos por el Cambio y de gobernar el pa\u00eds, la provincia y la ciudad\u201d, y volvi\u00f3 a reafirmar: \u201cEstamos trabajando en un proyecto pol\u00edtico propio y queremos ir en consonancia con lo que estamos pidiendo a nivel nacional y provincial: que tambi\u00e9n en el orden local deben resolverse las precandidaturas en una interna si es que no se puede coincidir y unificar en un candidato, para que el radicalismo est\u00e9 fortalecido con sus candidatos debe pasar por ese proceso previo antes de llegar a las PASO\u201d.<\/p>\n<p>Finalmente, Felicitas insisti\u00f3 en que \u201ctanto en Naci\u00f3n, Provincia y ciudad ese va a ser el mecanismo de resoluci\u00f3n que va a ser que realmente el radicalismo llegue unificado a las elecciones\u201d.<\/p>\n","protected":false},"excerpt":{"rendered":"<p>As\u00ed lo dio a entender con tono autocr\u00edtico en los estudios de \u201cVoces de la Ciudad\u201d, la concejal de la Uni\u00f3n C\u00edvica Radical e integrante del Espacio de Mujeres \u201cElvira Rawson\u201d, Felicitas Cabret\u00f3n, durante una nota realizada por el periodista Jorge G\u00f3mez, donde la edil marc\u00f3 como necesaria una misma premisa para la UCR a [&hellip;]<\/p>\n","protected":false},"author":3,"featured_media":97982,"comment_status":"closed","ping_status":"closed","sticky":false,"template":"","format":"standard","meta":{"footnotes":""},"categories":[3],"tags":[],"class_list":["post-97980","post","type-post","status-publish","format-standard","has-post-thumbnail","category-masnoticias"],"_links":{"self":[{"href":"https:\/\/primicias2262.com\/noticias\/wp-json\/wp\/v2\/posts\/97980","targetHints":{"allow":["GET"]}}],"collection":[{"href":"https:\/\/primicias2262.com\/noticias\/wp-json\/wp\/v2\/posts"}],"about":[{"href":"https:\/\/primicias2262.com\/noticias\/wp-json\/wp\/v2\/types\/post"}],"author":[{"embeddable":true,"href":"https:\/\/primicias2262.com\/noticias\/wp-json\/wp\/v2\/users\/3"}],"replies":[{"embeddable":true,"href":"https:\/\/primicias2262.com\/noticias\/wp-json\/wp\/v2\/comments?post=97980"}],"version-history":[{"count":0,"href":"https:\/\/primicias2262.com\/noticias\/wp-json\/wp\/v2\/posts\/97980\/revisions"}],"wp:attachment":[{"href":"https:\/\/primicias2262.com\/noticias\/wp-json\/wp\/v2\/media?parent=97980"}],"wp:term":[{"taxonomy":"category","embeddable":true,"href":"https:\/\/primicias2262.com\/noticias\/wp-json\/wp\/v2\/categories?post=97980"},{"taxonomy":"post_tag","embeddable":true,"href":"https:\/\/primicias2262.com\/noticias\/wp-json\/wp\/v2\/tags?post=97980"}],"curies":[{"name":"wp","href":"https:\/\/api.w.org\/{rel}","templated":true}]}}