{"id":97985,"date":"2023-03-01T16:47:58","date_gmt":"2023-03-01T19:47:58","guid":{"rendered":"https:\/\/primicias2262.com\/?p=97985"},"modified":"2023-03-01T16:47:58","modified_gmt":"2023-03-01T19:47:58","slug":"en-el-comienzo-del-ciclo-lectivo-se-inauguro-el-cec-no-802-de-barrio-norte","status":"publish","type":"post","link":"https:\/\/primicias2262.com\/noticias\/en-el-comienzo-del-ciclo-lectivo-se-inauguro-el-cec-no-802-de-barrio-norte\/","title":{"rendered":"En el comienzo del ciclo lectivo se inaugur\u00f3 el CEC N\u00ba 802 de Barrio Norte"},"content":{"rendered":"<p><strong>Ubicado en el coraz\u00f3n de Barrio Norte, y tras funcionar como Anexo N\u00ba 801 durante varios a\u00f1os, este mi\u00e9rcoles 1\u00ba de marzo se inaugur\u00f3 el Centro Educativo Complementario N\u00ba 802, en el marco del inicio del Ciclo Lectivo 2023. Junto a autoridades educativas y de la instituci\u00f3n anfitriona de calle 78 N\u00ba 2038, encabez\u00f3 la emotiva ceremonia el intendente municipal, Arturo Rojas.<\/strong><\/p>\n<p>El inicio del acto se dio con el corte de cintas que simboliz\u00f3 un nuevo comienzo para la instituci\u00f3n y dej\u00f3 inaugurado el mencionado CEC, acci\u00f3n que el Intendente llev\u00f3 a cabo en conjunto con subdirectora de la modalidad de Psicolog\u00eda Comunitaria y Pedagog\u00eda Social, Claudia Lajud; la inspectora Regional de Educaci\u00f3n, Ana Lidia Marincevic; la inspectora Distrital, Soledad Moreno; el inspector de la Modalidad de Psicolog\u00eda Comunitaria y Pedagog\u00eda Social, Luis Decastelli; como as\u00ed exinspectores y exdocentes.<\/p>\n<p><a href=\"https:\/\/primicias2262.com\/wp-content\/uploads\/2023\/03\/01-03-FOTO-inauguracion-CEC.jpeg\"><img loading=\"lazy\" decoding=\"async\" class=\"aligncenter size-full wp-image-97987\" src=\"https:\/\/primicias2262.com\/wp-content\/uploads\/2023\/03\/01-03-FOTO-inauguracion-CEC.jpeg\" alt=\"\" width=\"1600\" height=\"1200\" \/><\/a>Acto seguido se hizo un descubrimiento de tres placas en el interior del recinto y se dio entrada a las banderas de ceremonia, para seguir luego con las palabras alusivas, momento en que el Intendente asegur\u00f3 que \u201choy es un d\u00eda hist\u00f3rico, muy importante y hasta dir\u00eda in\u00e9dito, por poder comenzar un nuevo ciclo escolar en un Centro de Educaci\u00f3n Complementaria, ya que por lo general se hace en diferentes escuelas primarias y que hoy lo hagamos en un lugar con tanta historia es un hecho particular y no casual\u201d.<\/p>\n<p>\u201cQuiero felicitarlos porque hoy se crea este CEC que se suma a los diferentes establecimientos educativos de este querido y popular Barrio Norte: a la Escuela Primaria N\u00ba 27, al Jard\u00edn de Infantes N\u00ba 918 y la Escuela Secundaria N\u00ba 11, es decir que hay una oferta educativa desde la ni\u00f1ez hasta la adolescencia\u201d, subray\u00f3 el m\u00e1ximo mandatario del distrito, al tiempo que reconoci\u00f3 a las autoridades anteriores del Anexo como a la nueva directora del CEC, Ver\u00f3nica Ruiz.<\/p>\n<p><a href=\"https:\/\/primicias2262.com\/wp-content\/uploads\/2023\/03\/01-03-FOTO-placa-Inauguracion-CEC.jpeg\"><img loading=\"lazy\" decoding=\"async\" class=\"aligncenter size-full wp-image-97989\" src=\"https:\/\/primicias2262.com\/wp-content\/uploads\/2023\/03\/01-03-FOTO-placa-Inauguracion-CEC.jpeg\" alt=\"\" width=\"1024\" height=\"768\" \/><\/a>Finalmente, Rojas, acompa\u00f1ados en la ocasi\u00f3n por funcionarios, concejales y autoridades del Consejo Escolar-, afirm\u00f3 que \u201cmi desaf\u00edo como intendente es seguir trabajando de manera articulada con las autoridades educativas, la Provincia y la Naci\u00f3n\u2026 hace 11 a\u00f1os que se empez\u00f3 a gestionar esto entre diferentes autoridades educativas, reclamando este expediente hasta lograr lo que se logra hoy que es un hecho absolutamente hist\u00f3rico\u201d, y acot\u00f3 desde lo personal que \u201cpude llevar este reclamo el 25 de octubre pasado al comunicarme con el actual Gobernador para manifestarle esta necesidad que ten\u00edamos como comunidad educativa, y a todo ello se le sum\u00f3 una decisi\u00f3n pol\u00edtica por parte del propio Axel Kicillof, y eso merece un reconocimiento y va m\u00e1s all\u00e1 de cuestiones partidarias, tiene que ver con pol\u00edticas de Estado y pol\u00edticas educativas a llevar adelante\u201d.<\/p>\n<p>Al igual que Rojas, dirigieron la palabra la directora del CEC N\u00ba 802; los inspectores Decastelli y Marincevic; y la subdirectora de la modalidad de Psicolog\u00eda Comunitaria y Pedagog\u00eda Social, Claudia Lajud, quien subray\u00f3 que \u201cesta es una instituci\u00f3n educativa con mucha historia que hoy se refunda\u201d.<\/p>\n<p><a href=\"https:\/\/primicias2262.com\/wp-content\/uploads\/2023\/03\/01-03-FOTO-inauguracion-CEC2.jpeg\"><img loading=\"lazy\" decoding=\"async\" class=\"aligncenter size-full wp-image-97988\" src=\"https:\/\/primicias2262.com\/wp-content\/uploads\/2023\/03\/01-03-FOTO-inauguracion-CEC2.jpeg\" alt=\"\" width=\"1600\" height=\"1200\" \/><\/a>Es v\u00e1lido destacar que los Centros Educativos Complementarios son instituciones propias de la mencionada Direcci\u00f3n Provincial de Psicolog\u00eda Comunitaria y Pedagog\u00eda Social, dependiente de la Direcci\u00f3n General de Cultura y Educaci\u00f3n. Son instituciones de ense\u00f1anza y cuidado, de promoci\u00f3n y garant\u00eda de derechos, se caracterizan por su flexibilidad de tiempos y espacios que contribuyen a mejorar las trayectorias escolares desde una propuesta pedag\u00f3gica basada en la modalidad de aula taller. En los CEC se trabaja por la inclusi\u00f3n educativa y convivencia en la diversidad, es un espacio que funciona como un puente entre la escuela y el mundo, donde los alumnos concurren como un segundo hogar y se sienten escuchados y contenidos.<\/p>\n","protected":false},"excerpt":{"rendered":"<p>Ubicado en el coraz\u00f3n de Barrio Norte, y tras funcionar como Anexo N\u00ba 801 durante varios a\u00f1os, este mi\u00e9rcoles 1\u00ba de marzo se inaugur\u00f3 el Centro Educativo Complementario N\u00ba 802, en el marco del inicio del Ciclo Lectivo 2023. Junto a autoridades educativas y de la instituci\u00f3n anfitriona de calle 78 N\u00ba 2038, encabez\u00f3 la [&hellip;]<\/p>\n","protected":false},"author":3,"featured_media":97986,"comment_status":"closed","ping_status":"closed","sticky":false,"template":"","format":"standard","meta":{"footnotes":""},"categories":[3],"tags":[],"class_list":["post-97985","post","type-post","status-publish","format-standard","has-post-thumbnail","category-masnoticias"],"_links":{"self":[{"href":"https:\/\/primicias2262.com\/noticias\/wp-json\/wp\/v2\/posts\/97985","targetHints":{"allow":["GET"]}}],"collection":[{"href":"https:\/\/primicias2262.com\/noticias\/wp-json\/wp\/v2\/posts"}],"about":[{"href":"https:\/\/primicias2262.com\/noticias\/wp-json\/wp\/v2\/types\/post"}],"author":[{"embeddable":true,"href":"https:\/\/primicias2262.com\/noticias\/wp-json\/wp\/v2\/users\/3"}],"replies":[{"embeddable":true,"href":"https:\/\/primicias2262.com\/noticias\/wp-json\/wp\/v2\/comments?post=97985"}],"version-history":[{"count":0,"href":"https:\/\/primicias2262.com\/noticias\/wp-json\/wp\/v2\/posts\/97985\/revisions"}],"wp:attachment":[{"href":"https:\/\/primicias2262.com\/noticias\/wp-json\/wp\/v2\/media?parent=97985"}],"wp:term":[{"taxonomy":"category","embeddable":true,"href":"https:\/\/primicias2262.com\/noticias\/wp-json\/wp\/v2\/categories?post=97985"},{"taxonomy":"post_tag","embeddable":true,"href":"https:\/\/primicias2262.com\/noticias\/wp-json\/wp\/v2\/tags?post=97985"}],"curies":[{"name":"wp","href":"https:\/\/api.w.org\/{rel}","templated":true}]}}