{"id":97992,"date":"2023-03-01T16:55:49","date_gmt":"2023-03-01T19:55:49","guid":{"rendered":"https:\/\/primicias2262.com\/?p=97992"},"modified":"2023-03-01T16:55:49","modified_gmt":"2023-03-01T19:55:49","slug":"el-torneo-de-la-liga-necochea-iniciara-el-18-de-marzo-y-llevara-el-nombre-de-ricardo-possenti","status":"publish","type":"post","link":"https:\/\/primicias2262.com\/noticias\/el-torneo-de-la-liga-necochea-iniciara-el-18-de-marzo-y-llevara-el-nombre-de-ricardo-possenti\/","title":{"rendered":"El torneo de la Liga Necochea iniciar\u00e1 el 18 de marzo y llevar\u00e1 el nombre de Ricardo Possenti"},"content":{"rendered":"<p><strong>As\u00ed lo dio a conocer este mi\u00e9rcoles 1\u00ba de marzo el consejo superior de la Liga Necochea de F\u00fatbol, encabezado por su presidente, Luis Tettamanti.<\/strong><\/p>\n<p>La casa madre del balompi\u00e9 local inform\u00f3 que finalmente el torneo 2023 no comenzar\u00e1 el fin de semana del 11 y 12 de marzo, sino el siguiente, y argument\u00f3 que le dar\u00e1n algo m\u00e1s de tiempo a Defensores de Puerto Quequ\u00e9n para el fichaje de jugadores, ya que la instituci\u00f3n Azulgrana vuelve al c\u00edrculo superior del f\u00fatbol local tras varios a\u00f1os.<\/p>\n<p><a href=\"https:\/\/primicias2262.com\/wp-content\/uploads\/2023\/03\/possenti.jpg\"><img loading=\"lazy\" decoding=\"async\" class=\"alignleft size-thumbnail wp-image-97994\" src=\"https:\/\/primicias2262.com\/wp-content\/uploads\/2023\/03\/possenti-150x150.jpg\" alt=\"\" width=\"150\" height=\"150\" \/><\/a>Adem\u00e1s, se inform\u00f3 que el torneo llevar\u00e1 el nombre de Ricardo \u00abGatita\u00bb Possenti, quien se desempe\u00f1a desde hace m\u00e1s de cinco d\u00e9cadas como utilero e incansable colaborador.<\/p>\n<p><a href=\"https:\/\/primicias2262.com\/wp-content\/uploads\/2023\/03\/WhatsApp-Image-2023-03-01-at-12.41.15-PM.jpeg\"><img loading=\"lazy\" decoding=\"async\" class=\"aligncenter size-full wp-image-97993\" src=\"https:\/\/primicias2262.com\/wp-content\/uploads\/2023\/03\/WhatsApp-Image-2023-03-01-at-12.41.15-PM.jpeg\" alt=\"\" width=\"1080\" height=\"1080\" \/><\/a><\/p>\n","protected":false},"excerpt":{"rendered":"<p>As\u00ed lo dio a conocer este mi\u00e9rcoles 1\u00ba de marzo el consejo superior de la Liga Necochea de F\u00fatbol, encabezado por su presidente, Luis Tettamanti. La casa madre del balompi\u00e9 local inform\u00f3 que finalmente el torneo 2023 no comenzar\u00e1 el fin de semana del 11 y 12 de marzo, sino el siguiente, y argument\u00f3 que [&hellip;]<\/p>\n","protected":false},"author":3,"featured_media":70506,"comment_status":"closed","ping_status":"closed","sticky":false,"template":"","format":"standard","meta":{"footnotes":""},"categories":[3],"tags":[],"class_list":["post-97992","post","type-post","status-publish","format-standard","has-post-thumbnail","category-masnoticias"],"_links":{"self":[{"href":"https:\/\/primicias2262.com\/noticias\/wp-json\/wp\/v2\/posts\/97992","targetHints":{"allow":["GET"]}}],"collection":[{"href":"https:\/\/primicias2262.com\/noticias\/wp-json\/wp\/v2\/posts"}],"about":[{"href":"https:\/\/primicias2262.com\/noticias\/wp-json\/wp\/v2\/types\/post"}],"author":[{"embeddable":true,"href":"https:\/\/primicias2262.com\/noticias\/wp-json\/wp\/v2\/users\/3"}],"replies":[{"embeddable":true,"href":"https:\/\/primicias2262.com\/noticias\/wp-json\/wp\/v2\/comments?post=97992"}],"version-history":[{"count":0,"href":"https:\/\/primicias2262.com\/noticias\/wp-json\/wp\/v2\/posts\/97992\/revisions"}],"wp:attachment":[{"href":"https:\/\/primicias2262.com\/noticias\/wp-json\/wp\/v2\/media?parent=97992"}],"wp:term":[{"taxonomy":"category","embeddable":true,"href":"https:\/\/primicias2262.com\/noticias\/wp-json\/wp\/v2\/categories?post=97992"},{"taxonomy":"post_tag","embeddable":true,"href":"https:\/\/primicias2262.com\/noticias\/wp-json\/wp\/v2\/tags?post=97992"}],"curies":[{"name":"wp","href":"https:\/\/api.w.org\/{rel}","templated":true}]}}