{"id":98001,"date":"2023-03-01T23:28:42","date_gmt":"2023-03-02T02:28:42","guid":{"rendered":"https:\/\/primicias2262.com\/?p=98001"},"modified":"2023-03-01T23:28:42","modified_gmt":"2023-03-02T02:28:42","slug":"rojas-abrio-las-sesiones-del-hcd-hoy-los-ciudadanos-participan-y-apuestan-hay-confianza-colectiva","status":"publish","type":"post","link":"https:\/\/primicias2262.com\/noticias\/rojas-abrio-las-sesiones-del-hcd-hoy-los-ciudadanos-participan-y-apuestan-hay-confianza-colectiva\/","title":{"rendered":"Rojas abri\u00f3 las sesiones del HCD: \u201cHoy los ciudadanos participan y apuestan, hay confianza colectiva\u201d"},"content":{"rendered":"<p><strong>En la tarde noche de este mi\u00e9rcoles 1\u00ba de marzo, el intendente Arturo Rojas abri\u00f3 las sesiones ordinarias del Concejo Deliberante de Necochea haciendo un pormenorizado informe de su gesti\u00f3n, en el que resalt\u00f3 un innumerable listado de obras p\u00fablicas ejecutadas y otras tantas que se planifican para este a\u00f1o en curso.<\/strong><\/p>\n<p>Para comenzar, saludando a los ediles de cada bancada y al p\u00fablico presente, el mandatario local se introdujo en su discurso se\u00f1alando que \u201cuna ciudad se construye con planificaci\u00f3n, con trabajo, con compromiso, con una tarea articulada con cada instituci\u00f3n, con gesti\u00f3n ante Provincia y Naci\u00f3n; con esfuerzo, con perseverancia y tambi\u00e9n con confianza\u201d.<\/p>\n<p>En este \u00faltimo sentido y apuntalando el concepto, el jefe de la comuna puntualiz\u00f3 que \u201cen el a\u00f1o 2.019 la ciudadan\u00eda nos dio su voto de confianza y la gran oportunidad de recuperar el valor de la palabra para comenzar a poner el Distrito de pie\u201d.<\/p>\n<p>\u201cLos que formamos parte de \u2018nuestra generaci\u00f3n pol\u00edtica\u2019 tenemos la tarea esencial y definitiva de recuperar el valor de la palabra\u201d, sentenci\u00f3, asegurando que \u201cel verdadero valor de la palabra est\u00e1 en lo que se dice y en lo que se hace, en hechos que la avalen\u201d.<\/p>\n<p>Ante ello, \u201choy los ciudadanos conf\u00edan, participan y apuestan porque se empez\u00f3 a gestar una confianza colectiva\u201d y \u201cme enorgullezco al saber que lo que les anunci\u00e9 un a\u00f1o atr\u00e1s hoy est\u00e1 plasmado en hechos, en actos, en obras palpables e indiscutibles, fruto de una gesti\u00f3n que viene demostrando que cumple con su palabra\u201d.<\/p>\n<p>Para comenzar a recorrer los hitos de su gesti\u00f3n, el alcalde local insisti\u00f3 primero en las nociones de \u201corden financiero y administraci\u00f3n de los recursos\u201d, que permitieron a la comuna \u201cdestinar 1.200 millones de pesos en el presupuesto 2.023\u201d para ejecutar obras con fondos propios.<\/p>\n<p>Como eje de las pol\u00edticas p\u00fablicas en materia de prevenci\u00f3n que son objetivo primordial del actual Gobierno, Rojas anunci\u00f3 que la inauguraci\u00f3n de la Sala de Monitoreo est\u00e1 a d\u00edas de concretarse, lo que \u201cnos va a permitir dar un salto de calidad en el \u00e1rea de Seguridad\u201d con \u201cun sistema inteligente que va a contar con tres anillos dise\u00f1ados estrat\u00e9gicamente para prevenir el delito, un servicio integral por fibra \u00f3ptica, 130 nuevas c\u00e1maras que se sumar\u00e1n a las existes, 7 lectoras de patentes en los ingresos de la ciudad y puentes; y la ampliaci\u00f3n de los botones antip\u00e1nico\u201d, detall\u00f3.<\/p>\n<p>En ese contexto, record\u00f3 que se dot\u00f3 al \u00e1rea de Prevenci\u00f3n de camionetas nuevas que trabajan conjuntamente con las fuerzas y generan presencia permanente del Estado municipal, se jerarquiz\u00f3 el \u00e1rea de Guardaparques y se concret\u00f3 la instalaci\u00f3n de una Posta Municipal en Avenida 10 y 187.<\/p>\n<p>Detalles no menores para seguir perfeccionando este entramado que busca paliar las problem\u00e1ticas que acarrea la inseguridad en los distintos sectores del distrito son la instalaci\u00f3n del Cuerpo de Caballer\u00eda en el Parque Miguel Lillo, \u201cque permite una vigilancia activa en la zona de las villas Zabala y del Deportista, adem\u00e1s de otros sectores de Necochea y Quequ\u00e9n\u201d; o la creaci\u00f3n del Observatorio Vial Municipal, mediante el cual \u201cse logr\u00f3 tener el mapa de la siniestralidad vial en nuestro distrito\u201d, subray\u00f3 el Intendente, permitiendo \u201crealizar intervenciones en la infraestructura urbana\u201d e \u201cinvertir los recursos p\u00fablicos de manera m\u00e1s eficiente\u201d.<\/p>\n<p>Acompa\u00f1ado en el estrado por el presidente del HCD, Guillermo S\u00e1nchez, el Jefe de la comuna continu\u00f3 hablando de otros tres temas que ser\u00e1n de vital importancia para lo que queda de su primera gesti\u00f3n de Gobierno. Por un lado, adelant\u00f3 que la obra de remodelaci\u00f3n de la Playa Municipal de Camiones de Quequ\u00e9n est\u00e1 a punto de adjudicarse, mediante el convenio rubricado con el Ministerio de Transporte de la Naci\u00f3n, y \u201cque ser\u00e1 el puntapi\u00e9 inicial para una futura playa log\u00edstica de transferencia de carga\u201d.<\/p>\n<p>En cuanto a la Terminal de \u00d3mnibus asegur\u00f3 que \u201chemos actualizado el proyecto que cambiar\u00e1 la puerta de acceso a la ciudad y donde adem\u00e1s el Estado municipal brindar\u00e1 distintos servicios\u201d; mientras revel\u00f3 que est\u00e1 aprobado el proyecto para avanzar con un nuevo Parque Industrial en Quequ\u00e9n, \u201cmediante una organizaci\u00f3n planificada, ordenada y viable\u201d.<\/p>\n<p>\u201cEste gran proyecto permitir\u00e1 la radicaci\u00f3n de establecimientos industriales, contribuyendo al desarrollo econ\u00f3mico social y a la generaci\u00f3n de empleo de calidad, beneficiando a la econom\u00eda del partido y a sus pobladores\u201d, calific\u00f3, relevando la necesidad de \u201cpotenciar las exportaciones regionales de productos con valor agregado\u201d, a trav\u00e9s de la integraci\u00f3n y la cercan\u00eda estrat\u00e9gica entre el Puerto y el nuevo sector planificado.<\/p>\n<p><strong>Las obras que transforman<\/strong><\/p>\n<p>Entrando de lleno en las obras p\u00fablicas, el Intendente habl\u00f3 de la mejora de los espacios comunes a todos los habitantes -que se volvieron accesibles, seguros e inclusivos- como \u201cuna revalorizaci\u00f3n de lo nuestro\u201d y destac\u00f3 las \u201cobras que no se ven, pero son fundamentales\u201d, como las extensiones de las redes de agua y cloacas o las urbanizaciones de los barrios populares.<\/p>\n<p>En detalle, durante 2.022 se recambiaron m\u00e1s de 3.500 de los viejos aparatos del alumbrado p\u00fablico por otros modernos y con tecnolog\u00eda Led en plazas, avenidas y delegaciones, entre otros puntos estrat\u00e9gicos; se ampliaron 9.000 metros de la red cloacal y otros 6.000 de la de agua corriente a trav\u00e9s de convenios con vecinos; y se repararon 15.000 metros cuadrados de baches en distintas calles de Necochea y Quequ\u00e9n.<\/p>\n<p>Tambi\u00e9n se construyeron m\u00e1s de 1.600 metros lineales de desag\u00fces pluviales que benefician a los barrios del parque, Plan Federal N\u00b06 y Norte; se extendieron las cloacas para cientos de familias en el Barrio Estaci\u00f3n Quequ\u00e9n y zonas linderas; y se llevaron servicios e infraestructura a Los Malvones, una barriada que estaba totalmente postergada.<\/p>\n<p>Hablando de lo que tiene que ver con la salud y el deporte, el Jefe de la comuna se\u00f1al\u00f3 que en los doce meses pasados, se inici\u00f3 con la primera etapa de la construcci\u00f3n de la Pista de Atletismo, un anhelo de m\u00e1s de un d\u00e9cada para una disciplina que tantas alegr\u00edas ha tra\u00eddo al distrito; se levantaron los cimientos del nuevo Polideportivo del Noroeste, que brindar\u00e1 un lugar de contenci\u00f3n a las familias de los barrios linderos a la Avenida 98; se ilumin\u00f3 el trayecto por donde pasar\u00e1 la futura extensi\u00f3n de la bicisenda de la 10, hasta la calle 155; y se finaliz\u00f3 el esperado Centro de Atenci\u00f3n Primaria en el Barrio Norte, que ser\u00e1 puesto en marcha prontamente y que se sumar\u00e1 al nuevo CAPS \u201cFucile\u201d, en la Villa balnearia, gestionado con fondos del BID.<\/p>\n<p>Antes destacando la renovaci\u00f3n del programa Presupuesto Participativo, que culmin\u00f3 obras \u201cque otras gestiones no cumplieron, de larga data\u201d, y que viene a dar la oportunidad a la gente, a trav\u00e9s de la participaci\u00f3n ciudadana, de elegir qu\u00e9 parte de su barrio transformar -este a\u00f1o con $55.000.000 destinados a Necochea, Quequ\u00e9n y el interior-, el doctor Arturo Rojas adelant\u00f3 las obras que llegar\u00e1n en este 2.023.<\/p>\n<p>As\u00ed fue como asegur\u00f3 ante los concejales y una tribuna repleta que ya se est\u00e1 por poner en marcha la deseada pavimentaci\u00f3n de la Avenida 58 entre 81 y 91 y de la bicisenda que en la Avenida 10 que servir\u00e1 para mejorar la seguridad en la zona y fomentar la recreaci\u00f3n y el deporte; y la construcci\u00f3n del cord\u00f3n cuneta en la Avenida 91 entre 42 y 58, con la proyecci\u00f3n de un futuro asfaltado en 2.024 que termine de cerrar una cuadr\u00edcula muy importante para dar fluidez al tr\u00e1nsito.<\/p>\n<p>Dentro de este detalle, el Jefe comunal revel\u00f3 tambi\u00e9n la finalizaci\u00f3n del Jard\u00edn de Infantes N\u00b0919 en calle 63 y 104, paralizada 6 a\u00f1os atr\u00e1s y que se volvi\u00f3 a gestionar para su finalizaci\u00f3n; la remodelaci\u00f3n de otras tres plazas: la de Avenida 10 y 91, en el Parque Miguel Lillo, la \u201c3 de Agosto\u201d en Quequ\u00e9n y una nueva en Avenida 59 y calle 16; la planta de reciclado, que deber\u00e1 terminarse por convenio en los pr\u00f3ximos 7 meses; la recuperaci\u00f3n de nuevos pozos de agua para mejorar ese servicio vital; la urbanizaci\u00f3n del Barrio Terminal, con el tendido de las redes de agua y cloacas, la construcci\u00f3n de cord\u00f3n cuneta, el entoscado de calles y la iluminaci\u00f3n con Led; a lo que se sumar\u00e1 la pavimentaci\u00f3n del Barrio \u201c160 Viviendas\u201d de Luz y Fuerza, ensanchando la ya existente 6 entre 71 y 67, y agregando a la infraestructura urbana las calles 69 entre 6 y 4 y 4 entre 69 y 67, que beneficiar\u00e1n a dos comunidades educativas, adem\u00e1s de cientos de vecinos.<\/p>\n<p>En las delegaciones del interior, como ya lo hab\u00eda anticipado en la Fiesta Provincial del Girasol en Santamarina, el mandatario se\u00f1al\u00f3 que se llevar\u00e1n por primera vez en la historia a las localidades obras de cord\u00f3n cuneta y badenes, adem\u00e1s de la modernizaci\u00f3n de la iluminaci\u00f3n led y la extensi\u00f3n de las redes de agua.<\/p>\n<p>Tambi\u00e9n agreg\u00f3 que se plasmar\u00e1n en realidad los \u201cAccesos Seguros a cada establecimiento educativo, ya sean p\u00fablicos como privados\u201d, con obras de pavimentaci\u00f3n, iluminaci\u00f3n y se\u00f1alizaci\u00f3n, a trav\u00e9s de una inversi\u00f3n municipal, pero tambi\u00e9n con capital privado, seg\u00fan la escuela a intervenir. En un carril similar, tambi\u00e9n se proyecta la primera etapa de los \u201cCorredores Seguros\u201d, que dotar\u00e1n de nuevo alumbrado el acceso a una veintena de barrios.<\/p>\n<p>Entre otras innumerables obras que el Intendente quiso plasmar en su discurso para que los vecinos conozcan los proyectos en los que se trabaja de cara a este a\u00f1o, se destacan la finalizaci\u00f3n de las construcciones del Centro de Desarrollo Infantil en el Barrio Municipal, el Polideportivo del Barrio Noroeste, el Destacamento Policial para el Cuerpo de Caballer\u00eda, una inversi\u00f3n de 30.000.000 de pesos para la extensi\u00f3n de cloaca y agua en distintos barrios, que tiene como prioridad una ampliaci\u00f3n del primero de los servicios en la 574 entre 551 y 561.<\/p>\n<p>Destacando la reformulaci\u00f3n realizada en el Ente Vial Rural, que se transform\u00f3 en uno dedicado tambi\u00e9n a ayudar en los ejidos urbanos, y a trav\u00e9s del que cual se repasaron 3.217 kil\u00f3metros de caminos rurales (lo que equivale a 2,3 veces la longitud del partido entero), se reconstruyeron 635 kil\u00f3metros de esos accesos (el 45% del total) y se entoscaron otros 121 kil\u00f3metros; el Intendente anotici\u00f3 al Concejo Deliberante sobre la adquisici\u00f3n de 14.000 toneladas de estabilizado granular que se volcar\u00e1n en las avenidas 42, 43, 531 y 566, entre otras.<\/p>\n<p>\u201cNo hemos optado por soluciones cortoplacistas y \u2018cosm\u00e9ticas\u2019, como algunos le quieren hacer creer a la ciudadan\u00eda, con cierta picard\u00eda pol\u00edtica. No tenemos una pol\u00edtica de \u2018maquillaje\u2019 de la ciudad, por eso es que los vecinos est\u00e1n empezando a ilusionarse con un futuro mejor\u201d, concluy\u00f3 el Jefe de la comuna ante el aplauso cerrado del recinto y los v\u00edtores que bajaron desde una tribuna colmada de esperanza por las transformaciones que se vienen viendo a lo largo y ancho del distrito\u201d.<\/p>\n<p><a href=\"https:\/\/primicias2262.com\/wp-content\/uploads\/2023\/03\/01-03-FOTO-Arturo-Rojas-Apertura-Sesiones-Concejo-Deliberante-01.jpeg\"><img loading=\"lazy\" decoding=\"async\" class=\"aligncenter size-full wp-image-98003\" src=\"https:\/\/primicias2262.com\/wp-content\/uploads\/2023\/03\/01-03-FOTO-Arturo-Rojas-Apertura-Sesiones-Concejo-Deliberante-01.jpeg\" alt=\"\" width=\"1600\" height=\"1066\" \/><\/a><\/p>\n<p><strong>Otros beneficios para el distrito<\/strong><\/p>\n<p>Si bien la enorme cantidad de obras p\u00fablicas realizadas y las que se proyectan para este a\u00f1o llenaron las primeras filas de las noticias, el Intendente Arturo Rojas dej\u00f3 numerosos t\u00edtulos de importancia para la continuidad y la ampliaci\u00f3n de muchas pol\u00edticas que se vienen llevando adelante en su gesti\u00f3n de gobierno y que transforman la vida cotidiana de los vecinos.<\/p>\n<p>Frente a los ediles, el mandatario se\u00f1al\u00f3 la creaci\u00f3n de una \u201cbilletera virtual\u201d que servir\u00e1 tanto para los transportistas que utilizan la Playa de Camiones de Quequ\u00e9n como para los miles de usuarios del Servicio de Estacionamiento Medido, que dar\u00e1 m\u00e1s transparencia a los fondos recaudados y facilitar\u00e1 la utilizaci\u00f3n de esta aplicaci\u00f3n.<\/p>\n<p>Tambi\u00e9n habl\u00f3 del Boleto Estudiantil, destacando, como en otras partes de su alocuci\u00f3n, que fueron creados por gestiones anteriores -haciendo valer su postura de que si la pol\u00edtica es \u00fatil debe reforzarse m\u00e1s all\u00e1 de las bander\u00edas pol\u00edticas- y hoy generan acceso al transporte p\u00fablico sin costo para unos 3.600 alumnos del Partido.<\/p>\n<p>Generando \u201cinclusi\u00f3n\u201d, este a\u00f1o lectivo \u201cm\u00e1s de 800 alumnos que tienen gimnasia extracurricular, a contra turno, tendr\u00e1n 8 boletos m\u00e1s de forma mensual, pasando de 40 a 48\u201d, lo que implicar\u00e1 \u201cun incremento de 6.400 boletos mensuales\u201d.<\/p>\n<p>Por otra parte, el Jefe de la comuna destac\u00f3 sobre la nueva se\u00f1al\u00e9tica que se coloca en los principales puntos de los ejidos urbanos que siguen una l\u00ednea de cohesi\u00f3n, as\u00ed como el mobiliario urbano que se ubic\u00f3 en los distintos espacios p\u00fablicos renovados.<\/p>\n<p>En cuanto al acercamiento del Estado, el abogado afirm\u00f3 que \u201cgeneramos una vinculaci\u00f3n directa con los vecinos a trav\u00e9s de la Oficina M\u00f3vil, donde recibimos reclamos, propuestas y aportes de m\u00e1s de mil vecinos en 23 barrios, generando una base de datos para realizar luego los seguimientos pertinentes\u201d.<\/p>\n<p>Desde la Secretar\u00eda de Desarrollo Humano y Pol\u00edticas Sociales, \u201cdurante 2.023 se intensificar\u00e1 a\u00fan m\u00e1s las pol\u00edticas p\u00fablicas que se vienen desarrollando, tendientes a promover el crecimiento integral de la persona que est\u00e1n atravesando distintas situaciones de vulnerabilidad social, desarrollando diferentes estrategias\u201d.<\/p>\n<p>As\u00ed fue como en 2.022 \u201cse increment\u00f3 en un 400% la asistencia de gas envasado en referencia a la otorgada en igual periodo del ejercicio 2019\u201d y \u201cse duplic\u00f3 la adquisici\u00f3n de le\u00f1a destinada a familias de escasos recursos con respecto a 2.021\u201d. En ese ejercicio tambi\u00e9n se otorgaron subsidios a 360 personas para dar respuesta a situaciones de riesgo social.<\/p>\n<p>El Intendente tambi\u00e9n habl\u00f3 de la planificaci\u00f3n de la \u201cCasa Violeta\u201d, un espacio de Pol\u00edticas de G\u00e9nero y Abordaje Integral de las Violencias, acorde a las necesidades que la problem\u00e1tica actual requiere, pero no solamente orientado al acompa\u00f1amiento de ese tipo de situaciones, sino abierto para la formaci\u00f3n, el encuentro y la construcci\u00f3n colectiva de pol\u00edticas p\u00fablicas.<\/p>\n<p>A punto de terminar una excelente temporada estival desde el punto de vista de la afluencia de visitantes al distrito, Arturo Rojas destac\u00f3 la idea de unificar las secretar\u00eda de Turismo y Desarrollo Productivo, con la incorporaci\u00f3n de las \u00e1reas de Cultura, Deportes y Juventud, que permiti\u00f3 \u201clograr el objetivo de desarrollar acciones de manera transversal\u201d y sirvi\u00f3 \u201cpara potenciar los sectores socio productivos claves para el desarrollo local del distrito y la generaci\u00f3n de empleo de calidad\u201d.<\/p>\n<p>En este marco, resalt\u00f3 la idea de impulsar el \u201cturismo de todo el a\u00f1o\u201d, pero tambi\u00e9n acompa\u00f1ar y fomentar a los emprendedores y las pymes, y seguir trabajando en conjunto con los clubes deportivos y las entidades intermedias.<\/p>\n<p>Yendo a la parte sanitaria, con los CAPS Barrio Norte y Fucile a punto de inaugurarse, el Intendente se\u00f1al\u00f3 que \u201clos desaf\u00edos desde el \u00e1rea de Salud ser\u00e1n lograr una mayor integraci\u00f3n del sistema, tanto en el orden local como provincial y nacional. Mejorar y ampliar el acceso a nuestros servicios de salud, optimizar los recursos tanto humanos como f\u00edsicos y econ\u00f3micos\u201d, y brind\u00f3 un pantallazo general de las mejoras sensibles que han tenido tanto los principales efectores del distrito, los hospitales \u201cFerreyra\u201d e \u201cIrurzun\u201d, como la atenci\u00f3n primaria, a trav\u00e9s de los centros de salud y las unidades sanitarias.<\/p>\n<p>Terminando su discurso, el mandatario trajo al estrado algunos temas sensibles para la ciudadan\u00eda, explic\u00e1ndolos al detalle. En cuanto al Complejo Casino, asegur\u00f3 que \u201cLa Provincia (de Buenos Aires) se comprometi\u00f3 a entregarnos la famosa tercer escritura y nosotros a colocar recursos para que los trabajadores pudieran asistir a la reapertura\u201d de la Sala de Juego.<\/p>\n<p>\u201cEl a\u00f1o pasado los invit\u00e9 a que me acerquen propuestas razonables, maduras y superadoras para decidir el destino del Casino, as\u00ed se los dije y no hubo propuestas presentadas de esas caracter\u00edsticas. La \u00fanica que hubo no fue demasiado seria y se encuadra en la ilegalidad\u201d, pronunci\u00f3 la cabeza del Ejecutivo municipal, comprometi\u00e9ndose a \u201cresolver este tema tan caro para los necochenses y generando las condiciones para su venta, venta que algunos pillos pusieron en duda, instalando que el famoso tercer lote no era de nuestra propiedad, idea totalmente disparatada que fue en parte responsable del fracaso de su venta hace un poco m\u00e1s de un a\u00f1o\u201d.<\/p>\n<p>Tambi\u00e9n habl\u00f3 de la Planta de Separaci\u00f3n de Residuos S\u00f3lidos Urbanos, anunciando que, despu\u00e9s de \u201cla firma del convenio con la empresa de recolecci\u00f3n, \u201cen breve pondremos en marcha la estrategia #NecoRecicla, una propuesta que nos incluye dentro del concepto de \u2018ciudad verde\u2019, y otro rasgo que nos va a identificar como distrito\u201d.<\/p>\n<p>\u201cEsta estrategia se encuadra dentro de la Estrategia Nacional de gesti\u00f3n integral de residuos s\u00f3lidos urbanos (ENGIRSU) y va a ser posible por la instalaci\u00f3n y puesta en funcionamiento de la planta de separaci\u00f3n de RSU, planta inclusiva y con perspectiva de g\u00e9nero, que ser\u00e1 operada en forma conjunta entre el municipio y Asociaci\u00f3n Civil \u2018Todo para Ellos\u2019\u201d, explic\u00f3.<\/p>\n<p>\u201cDe los tres problemas m\u00e1s visibles y estructurales del partido, que ninguna administraci\u00f3n anterior pudo resolver, que son la Planta de Reciclado, el Complejo Casino y la Planta de Tratamiento de Efluentes Cloacales, dos de ellos, como les mencion\u00e9, ya est\u00e1n en v\u00edas de concreci\u00f3n\u201d, concluy\u00f3 el intendente Arturo Rojas, llamando a los distintos bloques a aportar ideas para \u201cseguir avanzando hacia el distrito que so\u00f1amos: un distrito justo, inclusivo y con m\u00e1s oportunidades\u201d.<\/p>\n","protected":false},"excerpt":{"rendered":"<p>En la tarde noche de este mi\u00e9rcoles 1\u00ba de marzo, el intendente Arturo Rojas abri\u00f3 las sesiones ordinarias del Concejo Deliberante de Necochea haciendo un pormenorizado informe de su gesti\u00f3n, en el que resalt\u00f3 un innumerable listado de obras p\u00fablicas ejecutadas y otras tantas que se planifican para este a\u00f1o en curso. Para comenzar, saludando [&hellip;]<\/p>\n","protected":false},"author":3,"featured_media":98002,"comment_status":"closed","ping_status":"closed","sticky":false,"template":"","format":"standard","meta":{"footnotes":""},"categories":[3],"tags":[],"class_list":["post-98001","post","type-post","status-publish","format-standard","has-post-thumbnail","category-masnoticias"],"_links":{"self":[{"href":"https:\/\/primicias2262.com\/noticias\/wp-json\/wp\/v2\/posts\/98001","targetHints":{"allow":["GET"]}}],"collection":[{"href":"https:\/\/primicias2262.com\/noticias\/wp-json\/wp\/v2\/posts"}],"about":[{"href":"https:\/\/primicias2262.com\/noticias\/wp-json\/wp\/v2\/types\/post"}],"author":[{"embeddable":true,"href":"https:\/\/primicias2262.com\/noticias\/wp-json\/wp\/v2\/users\/3"}],"replies":[{"embeddable":true,"href":"https:\/\/primicias2262.com\/noticias\/wp-json\/wp\/v2\/comments?post=98001"}],"version-history":[{"count":0,"href":"https:\/\/primicias2262.com\/noticias\/wp-json\/wp\/v2\/posts\/98001\/revisions"}],"wp:attachment":[{"href":"https:\/\/primicias2262.com\/noticias\/wp-json\/wp\/v2\/media?parent=98001"}],"wp:term":[{"taxonomy":"category","embeddable":true,"href":"https:\/\/primicias2262.com\/noticias\/wp-json\/wp\/v2\/categories?post=98001"},{"taxonomy":"post_tag","embeddable":true,"href":"https:\/\/primicias2262.com\/noticias\/wp-json\/wp\/v2\/tags?post=98001"}],"curies":[{"name":"wp","href":"https:\/\/api.w.org\/{rel}","templated":true}]}}