{"id":98015,"date":"2023-03-02T10:47:39","date_gmt":"2023-03-02T13:47:39","guid":{"rendered":"https:\/\/primicias2262.com\/?p=98015"},"modified":"2023-03-02T10:47:39","modified_gmt":"2023-03-02T13:47:39","slug":"se-realiza-una-colecta-de-leche-a-beneficio-del-hogar-garcia-landera","status":"publish","type":"post","link":"https:\/\/primicias2262.com\/noticias\/se-realiza-una-colecta-de-leche-a-beneficio-del-hogar-garcia-landera\/","title":{"rendered":"Se realiza una colecta de leche a beneficio del Hogar Garc\u00eda Landera"},"content":{"rendered":"<p><strong>Se puede donar descremada, entera o en polvo, acerc\u00e1ndose al hogar de ancianos de Ruta 86 entre 70 y 72, o bien comunic\u00e1ndose con afines de la instituci\u00f3n para hacer llegar el producto.<\/strong><\/p>\n<p>Eduardo Garc\u00eda Rapp, necochense allegado al Hogar de Ancianos \u201cGarc\u00eda Landera\u201d, que funciona desde 1954, dialog\u00f3 telef\u00f3nicamente con el periodista Jorge G\u00f3mez para Voces de la Ciudad, al referirse a la colecta de litros de leche para la instituci\u00f3n: \u201cEl consumo que tiene de leche el hogar es bastante elevado\u2026 se sirven desayunos, meriendas, postres, tortas\u2026 y esta campa\u00f1a la inici\u00f3 la asistente social del hogar, Mar\u00eda Celeste Parodi\u201d.<\/p>\n<p>Agradeciendo el gesto de sus amigos del grupo de Veteranos de Malvinas por hacerse presentes en la campa\u00f1a con donaci\u00f3n de leche en polvo, Garc\u00eda Rapp inst\u00f3 a que \u201ces importante que la gente se acerque al hogar y conozca a la Madre Celina, una persona muy agradable, muy cercana a la gente, humilde y humana, as\u00ed que est\u00e1 bueno que la gente se acerque, conozca el hogar y la obra de los ancianos desamparados\u201d.<\/p>\n<p>Finalmente, Eduardo manifest\u00f3 que \u201cla campa\u00f1a est\u00e1 abierta, puede ser cualquier tipo de leche: descremada, entera o leche en polvo que viene muy bien porque rinde muchos litros. Se pueden llevar al mismo hogar, a las hermanas les encantan que vayan y se acerquen para conocer la obra del hogar, o si no comunicarse y nosotros vamos a buscar la donaci\u00f3n de la gente que no puede acercarse\u201d.<\/p>\n<p><a href=\"https:\/\/primicias2262.com\/wp-content\/uploads\/2023\/03\/leche-landera.jpg\"><img loading=\"lazy\" decoding=\"async\" class=\"aligncenter size-full wp-image-98027\" src=\"https:\/\/primicias2262.com\/wp-content\/uploads\/2023\/03\/leche-landera.jpg\" alt=\"\" width=\"674\" height=\"674\" \/><\/a><\/p>\n","protected":false},"excerpt":{"rendered":"<p>Se puede donar descremada, entera o en polvo, acerc\u00e1ndose al hogar de ancianos de Ruta 86 entre 70 y 72, o bien comunic\u00e1ndose con afines de la instituci\u00f3n para hacer llegar el producto. Eduardo Garc\u00eda Rapp, necochense allegado al Hogar de Ancianos \u201cGarc\u00eda Landera\u201d, que funciona desde 1954, dialog\u00f3 telef\u00f3nicamente con el periodista Jorge G\u00f3mez [&hellip;]<\/p>\n","protected":false},"author":3,"featured_media":98016,"comment_status":"closed","ping_status":"closed","sticky":false,"template":"","format":"standard","meta":{"footnotes":""},"categories":[3],"tags":[],"class_list":["post-98015","post","type-post","status-publish","format-standard","has-post-thumbnail","category-masnoticias"],"_links":{"self":[{"href":"https:\/\/primicias2262.com\/noticias\/wp-json\/wp\/v2\/posts\/98015","targetHints":{"allow":["GET"]}}],"collection":[{"href":"https:\/\/primicias2262.com\/noticias\/wp-json\/wp\/v2\/posts"}],"about":[{"href":"https:\/\/primicias2262.com\/noticias\/wp-json\/wp\/v2\/types\/post"}],"author":[{"embeddable":true,"href":"https:\/\/primicias2262.com\/noticias\/wp-json\/wp\/v2\/users\/3"}],"replies":[{"embeddable":true,"href":"https:\/\/primicias2262.com\/noticias\/wp-json\/wp\/v2\/comments?post=98015"}],"version-history":[{"count":0,"href":"https:\/\/primicias2262.com\/noticias\/wp-json\/wp\/v2\/posts\/98015\/revisions"}],"wp:attachment":[{"href":"https:\/\/primicias2262.com\/noticias\/wp-json\/wp\/v2\/media?parent=98015"}],"wp:term":[{"taxonomy":"category","embeddable":true,"href":"https:\/\/primicias2262.com\/noticias\/wp-json\/wp\/v2\/categories?post=98015"},{"taxonomy":"post_tag","embeddable":true,"href":"https:\/\/primicias2262.com\/noticias\/wp-json\/wp\/v2\/tags?post=98015"}],"curies":[{"name":"wp","href":"https:\/\/api.w.org\/{rel}","templated":true}]}}