{"id":98040,"date":"2023-03-02T14:51:09","date_gmt":"2023-03-02T17:51:09","guid":{"rendered":"https:\/\/primicias2262.com\/?p=98040"},"modified":"2023-03-02T14:51:09","modified_gmt":"2023-03-02T17:51:09","slug":"proyectan-una-intervencion-urbana-en-el-microcentro-para-una-mayor-seguridad-vial","status":"publish","type":"post","link":"https:\/\/primicias2262.com\/noticias\/proyectan-una-intervencion-urbana-en-el-microcentro-para-una-mayor-seguridad-vial\/","title":{"rendered":"Proyectan una intervenci\u00f3n urbana en el microcentro para una mayor seguridad vial"},"content":{"rendered":"<p><strong>La obra ser\u00e1 costeada con fondos municipales, por un monto superior a los 30 millones de pesos, y se extender\u00e1 por 61 entre 60 y 68. \u201cEsto mejora la seguridad vial, m\u00e1s all\u00e1 la mejora est\u00e9tica y de que va a revalorizar el centro comercial\u201d, destac\u00f3 el subsecretario de Obras P\u00fablicas, Lisandro Dones.<\/strong><\/p>\n<p>Durante una nota telef\u00f3nica en \u201cVoces de la Ciudad\u201d, el funcionario habl\u00f3 del proyecto con el periodista Jorge G\u00f3mez, anoticiando que \u201clo que hicimos esta semana fue juntarnos con la gente de la C\u00e1mara Comercial para explicarles y exponer el proyecto que venimos elaborando hace unos meses, y lo vieron con buena cara\u201d.<\/p>\n<p>Comenz\u00f3 a detallar que \u201cla intervenci\u00f3n que estamos pensando hacer va a generar una mejora respecto a seguridad vial, mayor visibilidad en las esquinas para la circulaci\u00f3n de los autos y m\u00e1s seguridad para los peatones. Va de 60 a 68 por 61 y ser\u00e1 una prueba piloto que vamos a lanzar, es algo que se ha hecho en otras ciudades de la provincia, por ejemplo en la calle G\u00fcemes de Mar del Plata, no es algo que estamos inventando\u201d.<\/p>\n<p><a href=\"https:\/\/primicias2262.com\/wp-content\/uploads\/2023\/03\/FOTO-rampas-61-y-64.jpeg\"><img loading=\"lazy\" decoding=\"async\" class=\"aligncenter size-full wp-image-98042\" src=\"https:\/\/primicias2262.com\/wp-content\/uploads\/2023\/03\/FOTO-rampas-61-y-64.jpeg\" alt=\"\" width=\"1600\" height=\"1066\" \/><\/a>Dones asegur\u00f3 que \u201ces un sistema que funciona muy bien, ordena el tr\u00e1nsito y gana un \u00e1rea de circulaci\u00f3n para los peatones, por lo cual va a generar una din\u00e1mica mucho m\u00e1s prolija en el microcentro. Son las cabeceras de las esquinas con demarcaci\u00f3n vial y bolardos pl\u00e1sticos, no se va a disminuir la cantidad de autos circulantes pero vamos a ordenarlos al acotar el \u00e1rea del paso del veh\u00edculo, porque la obra har\u00e1 que el que viene conduciendo reduzca la velocidad, generando una mayor seguridad para los peatones. El estacionamiento no se modifica y se estacionar\u00e1 como siempre\u201d.<\/p>\n<p>De esta manera, lo que se logra con la obra es garantizar que las esquinas queden liberadas para que las perspectivas de visibilidad de conductores y peatones sean las ideales y \u201cesto mejora la seguridad vial, m\u00e1s all\u00e1 de la mejora est\u00e9tica y nos permite revalorizar el centro comercial\u201d, manifest\u00f3.<\/p>\n<p><a href=\"https:\/\/primicias2262.com\/wp-content\/uploads\/2023\/03\/02-03-FOTO-Lisandro-Dones.jpeg\"><img loading=\"lazy\" decoding=\"async\" class=\"aligncenter size-full wp-image-98041\" src=\"https:\/\/primicias2262.com\/wp-content\/uploads\/2023\/03\/02-03-FOTO-Lisandro-Dones.jpeg\" alt=\"\" width=\"1600\" height=\"1066\" \/><\/a>Parte del proyecto es la creaci\u00f3n y construcci\u00f3n de nuevas rampas para discapacitados que interviene toda la esquina por completo, no son bajadas puntuales como se pueden ver com\u00fanmente en el centro, sino que es una bajada curva que toma toda la esquina, y muestra de ello es la intervenci\u00f3n que ya se muestra avanzada en 61 y 64, esquina del Banco Provincia.<\/p>\n<p>Al respecto, explic\u00f3 el subsecretario que \u201cel proyecto abarca dos metros y medio de la esquina sobre la calle con protectores para los peatones donde la gente que va caminando o en silla de ruedas puede bajar a la esquina y elegir hacia d\u00f3nde ir. Ya hay dos construidas y el cambio es notorio, le cambia la fisonom\u00eda al centro y a la circulaci\u00f3n\u201d.<\/p>\n<p>Luego, el arquitecto valor\u00f3 que \u201cla reuni\u00f3n con la C\u00e1mara Comercial fue muy positiva e incluso tambi\u00e9n los comerciantes nos preguntaron la posibilidad de agregar algunas luminarias y estamos viendo de a\u00f1adirlo al proyecto para darle un cambio importante al centro\u201d.<\/p>\n<p>El presupuesto de la obra es cercano a los 33 millones de pesos y se cubrir\u00e1 con fondos municipales, posiblemente mediante una licitaci\u00f3n. \u201cEl proyecto est\u00e1 aprobado, el proceso licitatorio llevar\u00eda entre 40 y 60 d\u00edas y despu\u00e9s la obra va a llevar entre dos y tres meses, por lo que estar\u00eda para junio\u201d, finaliz\u00f3 Dones.<\/p>\n","protected":false},"excerpt":{"rendered":"<p>La obra ser\u00e1 costeada con fondos municipales, por un monto superior a los 30 millones de pesos, y se extender\u00e1 por 61 entre 60 y 68. \u201cEsto mejora la seguridad vial, m\u00e1s all\u00e1 la mejora est\u00e9tica y de que va a revalorizar el centro comercial\u201d, destac\u00f3 el subsecretario de Obras P\u00fablicas, Lisandro Dones. Durante una [&hellip;]<\/p>\n","protected":false},"author":3,"featured_media":98044,"comment_status":"closed","ping_status":"closed","sticky":false,"template":"","format":"standard","meta":{"footnotes":""},"categories":[3],"tags":[],"class_list":["post-98040","post","type-post","status-publish","format-standard","has-post-thumbnail","category-masnoticias"],"_links":{"self":[{"href":"https:\/\/primicias2262.com\/noticias\/wp-json\/wp\/v2\/posts\/98040","targetHints":{"allow":["GET"]}}],"collection":[{"href":"https:\/\/primicias2262.com\/noticias\/wp-json\/wp\/v2\/posts"}],"about":[{"href":"https:\/\/primicias2262.com\/noticias\/wp-json\/wp\/v2\/types\/post"}],"author":[{"embeddable":true,"href":"https:\/\/primicias2262.com\/noticias\/wp-json\/wp\/v2\/users\/3"}],"replies":[{"embeddable":true,"href":"https:\/\/primicias2262.com\/noticias\/wp-json\/wp\/v2\/comments?post=98040"}],"version-history":[{"count":0,"href":"https:\/\/primicias2262.com\/noticias\/wp-json\/wp\/v2\/posts\/98040\/revisions"}],"wp:attachment":[{"href":"https:\/\/primicias2262.com\/noticias\/wp-json\/wp\/v2\/media?parent=98040"}],"wp:term":[{"taxonomy":"category","embeddable":true,"href":"https:\/\/primicias2262.com\/noticias\/wp-json\/wp\/v2\/categories?post=98040"},{"taxonomy":"post_tag","embeddable":true,"href":"https:\/\/primicias2262.com\/noticias\/wp-json\/wp\/v2\/tags?post=98040"}],"curies":[{"name":"wp","href":"https:\/\/api.w.org\/{rel}","templated":true}]}}