{"id":98048,"date":"2023-03-02T14:55:17","date_gmt":"2023-03-02T17:55:17","guid":{"rendered":"https:\/\/primicias2262.com\/?p=98048"},"modified":"2023-03-02T14:55:17","modified_gmt":"2023-03-02T17:55:17","slug":"la-camara-comercial-pretende-que-el-microcentro-funcione-como-paseo-y-ve-con-buenos-ojos-la-remodelacion","status":"publish","type":"post","link":"https:\/\/primicias2262.com\/noticias\/la-camara-comercial-pretende-que-el-microcentro-funcione-como-paseo-y-ve-con-buenos-ojos-la-remodelacion\/","title":{"rendered":"La C\u00e1mara Comercial pretende que el microcentro funcione como paseo y ve con buenos ojos la remodelaci\u00f3n"},"content":{"rendered":"<p>En una nota realizada por el periodista Jorge G\u00f3mez en \u201cVoces de la Ciudad\u201d, el presidente de la C\u00e1mara Comercial de Necochea, Mariano Gonz\u00e1lez, <a href=\"https:\/\/primicias2262.com\/proyectan-una-intervencion-urbana-en-el-microcentro-para-una-mayor-seguridad-vial\/\" target=\"_blank\" rel=\"noopener\"><strong>se refiri\u00f3 a las obras que proyecta la Municipalidad en 61 entre 60 y 68<\/strong><\/a>, que favorecer\u00edan que el tr\u00e1nsito vehicular sea m\u00e1s lento y que los peatones tengan m\u00e1s seguridad.<\/p>\n<p>En ese sentido, la C\u00e1mara Comercial fue el escenario de una reuni\u00f3n donde estuvieron el secretario de Gobierno, Jorge Mart\u00ednez, su par de Obras P\u00fablicas Adri\u00e1n Furno; y el subsecretario Lisandro Dones, para hablar sobre la intervenci\u00f3n y remodelaci\u00f3n de la calle 61 entre 68 y 60.<\/p>\n<p>\u201cHab\u00edamos tenido varias reuniones ya, incluso con gestiones anteriores, para que se empiece a intervenir el microcentro de la ciudad como puntapi\u00e9 inicial de una transformaci\u00f3n que necesita Necochea en el mejoramiento de los paseos comerciales\u201d, contextualiz\u00f3 Gonz\u00e1lez, acotando a la pasada que \u201cen esta oportunidad nos volvieron a presentar t\u00e9cnicamente el proyecto y nos mostraron que van a hacer el ensanche de todas las esquinas\u201d. De hecho, un adelanto de estas tareas ya puede observarse en la esquina del Banco Provincia, en 61 y 64.<\/p>\n\n<p>As\u00ed las cosas, \u201cno se intervendr\u00e1 con reductores de velocidad a mitad de cuadra como hab\u00edamos pedido nosotros, con el fin de que la velocidad baje lo m\u00e1s posible y se convierta en un paseo\u201d, se\u00f1al\u00f3 el comerciante, para afirmar que \u201cnosotros queremos lograr que se convierta en un paseo y vamos a ver c\u00f3mo reacciona el tr\u00e1nsito a las nuevas obras, porque cuando lleguen los autos a la esquina s\u00ed o s\u00ed van a tener que bajar la velocidad\u201d.<\/p>\n<p>Gonz\u00e1lez vio como positivo el hecho de que la obra se solventa con fondos de la misma Municipalidad, aunque anhel\u00f3 que \u201cesperemos que se haga lo m\u00e1s r\u00e1pido posible, era lo que esper\u00e1bamos y esper\u00e1bamos un poco m\u00e1s tambi\u00e9n\u2026 no estamos desconformes pero nosotros siempre esperamos m\u00e1s, y lo que pidi\u00f3 uno de los muchachos de la comisi\u00f3n es iluminar el sector para que de noche se vea tambi\u00e9n lo que se va hacer. No estaba contemplado en el proyecto y dijeron que finalmente lo van a incluir al tema de la iluminaci\u00f3n\u201d.<\/p>\n<p><a href=\"https:\/\/primicias2262.com\/wp-content\/uploads\/2023\/03\/FOTO-rampas-61-y-64-2.jpeg\"><img loading=\"lazy\" decoding=\"async\" class=\"aligncenter size-full wp-image-98043\" src=\"https:\/\/primicias2262.com\/wp-content\/uploads\/2023\/03\/FOTO-rampas-61-y-64-2.jpeg\" alt=\"\" width=\"1600\" height=\"1066\" \/><\/a>En ese sentido, Gonz\u00e1lez asegur\u00f3 que \u201ccreo que muchos centros se van a convertir y en varios lugares de la Provincia ya lo vemos, no es un capricho nuestro, y es un puntapi\u00e9 inicial, y este mismo pedido es para la calle 4 entre 81 y 89, para que crezca y genere mayor expansi\u00f3n comercial en la Villa D\u00edaz V\u00e9lez\u201d.<\/p>\n","protected":false},"excerpt":{"rendered":"<p>En una nota realizada por el periodista Jorge G\u00f3mez en \u201cVoces de la Ciudad\u201d, el presidente de la C\u00e1mara Comercial de Necochea, Mariano Gonz\u00e1lez, se refiri\u00f3 a las obras que proyecta la Municipalidad en 61 entre 60 y 68, que favorecer\u00edan que el tr\u00e1nsito vehicular sea m\u00e1s lento y que los peatones tengan m\u00e1s seguridad. [&hellip;]<\/p>\n","protected":false},"author":3,"featured_media":98045,"comment_status":"closed","ping_status":"closed","sticky":false,"template":"","format":"standard","meta":{"footnotes":""},"categories":[3],"tags":[],"class_list":["post-98048","post","type-post","status-publish","format-standard","has-post-thumbnail","category-masnoticias"],"_links":{"self":[{"href":"https:\/\/primicias2262.com\/noticias\/wp-json\/wp\/v2\/posts\/98048","targetHints":{"allow":["GET"]}}],"collection":[{"href":"https:\/\/primicias2262.com\/noticias\/wp-json\/wp\/v2\/posts"}],"about":[{"href":"https:\/\/primicias2262.com\/noticias\/wp-json\/wp\/v2\/types\/post"}],"author":[{"embeddable":true,"href":"https:\/\/primicias2262.com\/noticias\/wp-json\/wp\/v2\/users\/3"}],"replies":[{"embeddable":true,"href":"https:\/\/primicias2262.com\/noticias\/wp-json\/wp\/v2\/comments?post=98048"}],"version-history":[{"count":0,"href":"https:\/\/primicias2262.com\/noticias\/wp-json\/wp\/v2\/posts\/98048\/revisions"}],"wp:attachment":[{"href":"https:\/\/primicias2262.com\/noticias\/wp-json\/wp\/v2\/media?parent=98048"}],"wp:term":[{"taxonomy":"category","embeddable":true,"href":"https:\/\/primicias2262.com\/noticias\/wp-json\/wp\/v2\/categories?post=98048"},{"taxonomy":"post_tag","embeddable":true,"href":"https:\/\/primicias2262.com\/noticias\/wp-json\/wp\/v2\/tags?post=98048"}],"curies":[{"name":"wp","href":"https:\/\/api.w.org\/{rel}","templated":true}]}}