{"id":98057,"date":"2023-03-03T14:51:27","date_gmt":"2023-03-03T17:51:27","guid":{"rendered":"https:\/\/primicias2262.com\/?p=98057"},"modified":"2023-03-03T14:51:27","modified_gmt":"2023-03-03T17:51:27","slug":"este-lunes-6-la-recoleccion-de-residuos-vuelve-al-horario-de-invierno","status":"publish","type":"post","link":"https:\/\/primicias2262.com\/noticias\/este-lunes-6-la-recoleccion-de-residuos-vuelve-al-horario-de-invierno\/","title":{"rendered":"Este lunes 6 la recolecci\u00f3n de residuos vuelve al horario de invierno"},"content":{"rendered":"<p>El \u00c1rea de Servicio P\u00fablico de Higiene Urbana, a cargo de Adri\u00e1n Ciancaglini, informa que desde el lunes 6 de marzo la recolecci\u00f3n domiciliaria de residuos volver\u00e1 al horario habitual de invierno.<\/p>\n<p><strong>En este esquema, la diurna ser\u00e1 de lunes a s\u00e1bados a partir de las 8 y la nocturna de domingos a viernes a partir de las 20.<\/strong><\/p>\n<p>Desde el Ejecutivo se le recuerda a la poblaci\u00f3n respetar esta franja horaria y sacar su bolsa de basura una hora antes, no m\u00e1s.<\/p>\n","protected":false},"excerpt":{"rendered":"<p>El \u00c1rea de Servicio P\u00fablico de Higiene Urbana, a cargo de Adri\u00e1n Ciancaglini, informa que desde el lunes 6 de marzo la recolecci\u00f3n domiciliaria de residuos volver\u00e1 al horario habitual de invierno. En este esquema, la diurna ser\u00e1 de lunes a s\u00e1bados a partir de las 8 y la nocturna de domingos a viernes a [&hellip;]<\/p>\n","protected":false},"author":3,"featured_media":88913,"comment_status":"closed","ping_status":"closed","sticky":false,"template":"","format":"standard","meta":{"footnotes":""},"categories":[3],"tags":[],"class_list":["post-98057","post","type-post","status-publish","format-standard","has-post-thumbnail","category-masnoticias"],"_links":{"self":[{"href":"https:\/\/primicias2262.com\/noticias\/wp-json\/wp\/v2\/posts\/98057","targetHints":{"allow":["GET"]}}],"collection":[{"href":"https:\/\/primicias2262.com\/noticias\/wp-json\/wp\/v2\/posts"}],"about":[{"href":"https:\/\/primicias2262.com\/noticias\/wp-json\/wp\/v2\/types\/post"}],"author":[{"embeddable":true,"href":"https:\/\/primicias2262.com\/noticias\/wp-json\/wp\/v2\/users\/3"}],"replies":[{"embeddable":true,"href":"https:\/\/primicias2262.com\/noticias\/wp-json\/wp\/v2\/comments?post=98057"}],"version-history":[{"count":0,"href":"https:\/\/primicias2262.com\/noticias\/wp-json\/wp\/v2\/posts\/98057\/revisions"}],"wp:attachment":[{"href":"https:\/\/primicias2262.com\/noticias\/wp-json\/wp\/v2\/media?parent=98057"}],"wp:term":[{"taxonomy":"category","embeddable":true,"href":"https:\/\/primicias2262.com\/noticias\/wp-json\/wp\/v2\/categories?post=98057"},{"taxonomy":"post_tag","embeddable":true,"href":"https:\/\/primicias2262.com\/noticias\/wp-json\/wp\/v2\/tags?post=98057"}],"curies":[{"name":"wp","href":"https:\/\/api.w.org\/{rel}","templated":true}]}}