{"id":98062,"date":"2023-03-03T15:24:54","date_gmt":"2023-03-03T18:24:54","guid":{"rendered":"https:\/\/primicias2262.com\/?p=98062"},"modified":"2023-03-03T15:24:54","modified_gmt":"2023-03-03T18:24:54","slug":"doblete-del-necochense-juampi-arango-en-la-goleada-de-la-reserva-de-estudiantes","status":"publish","type":"post","link":"https:\/\/primicias2262.com\/noticias\/doblete-del-necochense-juampi-arango-en-la-goleada-de-la-reserva-de-estudiantes\/","title":{"rendered":"Doblete del necochense \u201cJuampi\u201d Arango en la goleada de la Reserva de Estudiantes"},"content":{"rendered":"<p><strong>El surgido en Del Valle, campe\u00f3n el a\u00f1o pasado con la Reserva del \u201cPincha\u201d, convirti\u00f3 dos tantos este viernes en la goleada de dicha divisi\u00f3n de Estudiantes de La Plata por 5-0 ante Uni\u00f3n de Santa Fe.<\/strong><\/p>\n<p>Cada vez m\u00e1s consolidado en la Reserva de Estudiantes de La Plata, el necochense Juan Pablo Arango convirti\u00f3 este viernes dos tantos en la goleada 5-0 del equipo que dirige Pablo Quatrocchi ante Uni\u00f3n de Santa Fe en el predio de City Bell.<\/p>\n<p>\u00abJuampi\u00bb, surgido en el Club Del Valle de nuestra ciudad, el a\u00f1o anterior fue campe\u00f3n con la Reserva \u00abPincha\u00bb y se sigue afirmando como una de las promesas como enganche del equipo, como para que el DT de la Primera, Abel Balbo, lo tenga en cuenta prontamente.<\/p>\n<p><a href=\"https:\/\/primicias2262.com\/wp-content\/uploads\/2023\/03\/arango2.png\"><img loading=\"lazy\" decoding=\"async\" class=\"aligncenter size-full wp-image-98064\" src=\"https:\/\/primicias2262.com\/wp-content\/uploads\/2023\/03\/arango2.png\" alt=\"\" width=\"720\" height=\"687\" \/><\/a><\/p>\n","protected":false},"excerpt":{"rendered":"<p>El surgido en Del Valle, campe\u00f3n el a\u00f1o pasado con la Reserva del \u201cPincha\u201d, convirti\u00f3 dos tantos este viernes en la goleada de dicha divisi\u00f3n de Estudiantes de La Plata por 5-0 ante Uni\u00f3n de Santa Fe. Cada vez m\u00e1s consolidado en la Reserva de Estudiantes de La Plata, el necochense Juan Pablo Arango convirti\u00f3 [&hellip;]<\/p>\n","protected":false},"author":3,"featured_media":98063,"comment_status":"closed","ping_status":"closed","sticky":false,"template":"","format":"standard","meta":{"footnotes":""},"categories":[3],"tags":[],"class_list":["post-98062","post","type-post","status-publish","format-standard","has-post-thumbnail","category-masnoticias"],"_links":{"self":[{"href":"https:\/\/primicias2262.com\/noticias\/wp-json\/wp\/v2\/posts\/98062","targetHints":{"allow":["GET"]}}],"collection":[{"href":"https:\/\/primicias2262.com\/noticias\/wp-json\/wp\/v2\/posts"}],"about":[{"href":"https:\/\/primicias2262.com\/noticias\/wp-json\/wp\/v2\/types\/post"}],"author":[{"embeddable":true,"href":"https:\/\/primicias2262.com\/noticias\/wp-json\/wp\/v2\/users\/3"}],"replies":[{"embeddable":true,"href":"https:\/\/primicias2262.com\/noticias\/wp-json\/wp\/v2\/comments?post=98062"}],"version-history":[{"count":0,"href":"https:\/\/primicias2262.com\/noticias\/wp-json\/wp\/v2\/posts\/98062\/revisions"}],"wp:attachment":[{"href":"https:\/\/primicias2262.com\/noticias\/wp-json\/wp\/v2\/media?parent=98062"}],"wp:term":[{"taxonomy":"category","embeddable":true,"href":"https:\/\/primicias2262.com\/noticias\/wp-json\/wp\/v2\/categories?post=98062"},{"taxonomy":"post_tag","embeddable":true,"href":"https:\/\/primicias2262.com\/noticias\/wp-json\/wp\/v2\/tags?post=98062"}],"curies":[{"name":"wp","href":"https:\/\/api.w.org\/{rel}","templated":true}]}}