{"id":98066,"date":"2023-03-03T10:28:14","date_gmt":"2023-03-03T13:28:14","guid":{"rendered":"https:\/\/primicias2262.com\/?p=98066"},"modified":"2023-03-03T10:28:14","modified_gmt":"2023-03-03T13:28:14","slug":"la-licenciada-lucila-del-cul-es-la-nueva-presidenta-del-colegio-de-psicologos","status":"publish","type":"post","link":"https:\/\/primicias2262.com\/noticias\/la-licenciada-lucila-del-cul-es-la-nueva-presidenta-del-colegio-de-psicologos\/","title":{"rendered":"La Licenciada Lucila Del Cul es la nueva presidenta del Colegio de Psic\u00f3logos"},"content":{"rendered":"<div>Durante la semana, desde la instituci\u00f3n lo anunciaron de la siguiente manera: \u00abLe damos la bienvenida a la Licenciada Lucila Del Cul, quien desde diciembre 2022 ha asumido como la nueva Presidenta del Colegio de psic\u00f3logas y psic\u00f3logos &#8211; Distrito IX\u00bb.<\/div>\n<div><\/div>\n<div>Asimismo, expresaron: \u00abAgradecemos profundamente la labor de la Licenciada Andrea Castillo en su gesti\u00f3n, quien seguir\u00e1 siendo parte del Colegio desde otra funci\u00f3n\u00bb.<\/div>\n<div><\/div>\n<div><strong>As\u00ed qued\u00f3 la conformaci\u00f3n del Consejo Directivo del Colegio desde el 22 de diciembre de 2022<\/strong><\/div>\n<div><\/div>\n<div><strong>Presidenta<\/strong><\/div>\n<div>Lic. Lucila Del Cul<\/div>\n<div><\/div>\n<div>Vicepresidencia<\/div>\n<div>Vacante<\/div>\n<div><\/div>\n<div>Secretaria General<\/div>\n<div>Lic. Florencia Piergentili<\/div>\n<div><\/div>\n<div>Tesorera<\/div>\n<div>Lic. Laura Brisighelli<\/div>\n<div><\/div>\n<div>Secretaria de Actas<\/div>\n<div>Lic. Marcela Barletta<\/div>\n<div><\/div>\n<div>Vocal titular<\/div>\n<div>Lic. Andrea Castillo<\/div>\n<div><\/div>\n<div>Vocales suplentes<\/div>\n<div>Lic. Noelia Rizzo<\/div>\n<div>Lic. Marina Deusedes<\/div>\n<div>Lic. Mariana Synadynos<\/div>\n<div>Lic. Soledad Mailland<\/div>\n<div>Lic. Gisele Chiarle<\/div>\n<div>Lic. Juan Pablo Abalos<\/div>\n","protected":false},"excerpt":{"rendered":"<p>Durante la semana, desde la instituci\u00f3n lo anunciaron de la siguiente manera: \u00abLe damos la bienvenida a la Licenciada Lucila Del Cul, quien desde diciembre 2022 ha asumido como la nueva Presidenta del Colegio de psic\u00f3logas y psic\u00f3logos &#8211; Distrito IX\u00bb. Asimismo, expresaron: \u00abAgradecemos profundamente la labor de la Licenciada Andrea Castillo en su gesti\u00f3n, [&hellip;]<\/p>\n","protected":false},"author":3,"featured_media":98067,"comment_status":"closed","ping_status":"closed","sticky":false,"template":"","format":"standard","meta":{"footnotes":""},"categories":[3],"tags":[],"class_list":["post-98066","post","type-post","status-publish","format-standard","has-post-thumbnail","category-masnoticias"],"_links":{"self":[{"href":"https:\/\/primicias2262.com\/noticias\/wp-json\/wp\/v2\/posts\/98066","targetHints":{"allow":["GET"]}}],"collection":[{"href":"https:\/\/primicias2262.com\/noticias\/wp-json\/wp\/v2\/posts"}],"about":[{"href":"https:\/\/primicias2262.com\/noticias\/wp-json\/wp\/v2\/types\/post"}],"author":[{"embeddable":true,"href":"https:\/\/primicias2262.com\/noticias\/wp-json\/wp\/v2\/users\/3"}],"replies":[{"embeddable":true,"href":"https:\/\/primicias2262.com\/noticias\/wp-json\/wp\/v2\/comments?post=98066"}],"version-history":[{"count":0,"href":"https:\/\/primicias2262.com\/noticias\/wp-json\/wp\/v2\/posts\/98066\/revisions"}],"wp:attachment":[{"href":"https:\/\/primicias2262.com\/noticias\/wp-json\/wp\/v2\/media?parent=98066"}],"wp:term":[{"taxonomy":"category","embeddable":true,"href":"https:\/\/primicias2262.com\/noticias\/wp-json\/wp\/v2\/categories?post=98066"},{"taxonomy":"post_tag","embeddable":true,"href":"https:\/\/primicias2262.com\/noticias\/wp-json\/wp\/v2\/tags?post=98066"}],"curies":[{"name":"wp","href":"https:\/\/api.w.org\/{rel}","templated":true}]}}