{"id":98079,"date":"2023-03-06T10:18:13","date_gmt":"2023-03-06T13:18:13","guid":{"rendered":"https:\/\/primicias2262.com\/?p=98079"},"modified":"2023-03-06T10:18:13","modified_gmt":"2023-03-06T13:18:13","slug":"negri-roldan-cumple-77-anos-de-vida-y-60-anos-al-servicio-del-projimo","status":"publish","type":"post","link":"https:\/\/primicias2262.com\/noticias\/negri-roldan-cumple-77-anos-de-vida-y-60-anos-al-servicio-del-projimo\/","title":{"rendered":"\u201cNegri\u201d Rold\u00e1n cumple 77 a\u00f1os de vida y 60 a\u00f1os al servicio del pr\u00f3jimo"},"content":{"rendered":"<p><strong>La referente comunitaria expres\u00f3 en \u201cVoces de la Ciudad\u201d que \u201csi volviera a nacer quisiera que se produzca el milagro de tener los mismos padres que tuve, quienes me ense\u00f1aron a ser solidaria, a mirar la gente con cari\u00f1o y a no juzgar\u201d.<\/strong><\/p>\n<p>Ya pasaron 60 a\u00f1os desde aquel d\u00eda en que Elida Mabel Rold\u00e1n, \u201cNegri\u201d, levant\u00f3 la mano ante la pregunta del padre de la Parroquia Santa Mar\u00eda del Carmen por qui\u00e9n pod\u00eda cuidar a una una abuela abandonada. Desde all\u00ed, quien este lunes 6 de marzo cumple 77 a\u00f1os, nunca m\u00e1s se alej\u00f3 de la solidaridad y es sin\u00f3nimo de ayuda al otro.<\/p>\n<p>Durante una nota realizada por el periodista Jorge G\u00f3mez, \u201cNegri\u201d rememor\u00f3 aquella an\u00e9cdota. \u201cArranqu\u00e9 a los 17 a\u00f1os en la parte solidaria, est\u00e1bamos reunidos los j\u00f3venes de Acci\u00f3n Cat\u00f3lica\u00a0 cuando entr\u00f3 el Padre de la parroquia diciendo que necesitaban a alguien para cuidarle el suero a una abuela que hab\u00edan dejado abandonada en el hospital y levant\u00e9 la mano y dije yo voy, y no afloj\u00e9 m\u00e1s, con la\u00a0 ayuda de Dios y de toda la gente, con alegr\u00edas y tristezas, siempre adelante y pensando mucho en la solidaridad\u201d.<\/p>\n<p>Dentro de todo ese recorrido de seis d\u00e9cadas de trabajo social y comunitario, \u201cNegri\u201d lleva casi la mitad de ese tiempo militando en el Comedor Mateo, que naci\u00f3 junto al trabajo del recordado Daniel \u201cNegro\u201d Ferrer y Silvia Christensen. Acerca de ello, tambi\u00e9n trajo a memoria una an\u00e9cdota: \u201cArrancamos en 63 y 86 en un garaje que nos alquilaban los micros azules, pero quedaba chico y d\u00e1bamos de comer en tres o cuatro tandas, as\u00ed que un d\u00eda salieron Daniel y Silvia a recorrer el barrio de las Aguas Corrientes y encontraron este lugar m\u00e1s grande en 82 N\u00ba 3055\u201d, que es donde funciona hasta la actualidad.<\/p>\n<p><a href=\"https:\/\/primicias2262.com\/wp-content\/uploads\/2022\/03\/mateo-baratillo.jpg\"><img loading=\"lazy\" decoding=\"async\" class=\"aligncenter size-large wp-image-87897\" src=\"https:\/\/primicias2262.com\/wp-content\/uploads\/2022\/03\/mateo-baratillo-1024x769.jpg\" alt=\"\" width=\"696\" height=\"523\" \/><\/a> <a href=\"https:\/\/primicias2262.com\/wp-content\/uploads\/2023\/03\/comedor-mateo.jpeg\"><img loading=\"lazy\" decoding=\"async\" class=\"alignleft size-medium wp-image-98090\" src=\"https:\/\/primicias2262.com\/wp-content\/uploads\/2023\/03\/comedor-mateo-300x172.jpeg\" alt=\"\" width=\"300\" height=\"172\" \/><\/a>El comedor, que para \u201cNegri\u201d m\u00e1s que comedor es un centro comunitario, hace pocos meses recibi\u00f3 la personer\u00eda jur\u00eddica como Asociaci\u00f3n Civil, por lo que la referente agradeci\u00f3 al intendente Arturo Rojas y todo su equipo.<\/p>\n<p>Seguidamente, reflexion\u00f3 que \u201cson 60 a\u00f1os de solidaridad, a\u00fan recorro barrios y casas, trato de ayudar en todo y mi tel\u00e9fono, tanto el celular como el fijo, est\u00e1n las 24 horas prendidos\u201d, y destac\u00f3 que \u201cel a\u00f1o pasado mi cumplea\u00f1os cay\u00f3 domingo y de los distintos barrios me fueron a saludar a casa, a darme un beso y un abrazo y a decirme gracias por todo lo que hago\u2026 pero todo lo que hago no lo hago sola, sino con toda la gente de Necochea, la gente es la que nos trae las cosas y el grupo maravilloso que est\u00e1 conmigo de hace casi 20 a\u00f1os hace las cosas\u201d.<\/p>\n<p>Finalmente, con voz quebrada de emoci\u00f3n, respondi\u00f3 a la pregunta de si volver\u00eda a ser solidaria si tuviera el privilegia de volver a venir a este mundo que \u201csi volviera a nacer quisiera que se produzca el milagro de tener los mismos padres que tuve, quienes me ense\u00f1aron a ser solidaria, a mirar la gente con cari\u00f1o y a no juzgar. Mi padre, Pantale\u00f3n, fue el fundador de la Asociaci\u00f3n Cat\u00f3lica de Hombres, y mi madre, Mar\u00eda Sof\u00eda, fue durante 36 a\u00f1os la tesorera de Acci\u00f3n Cat\u00f3lica de Necochea, ellos me ense\u00f1aron todo y m\u00e1s que nada a no prometer: a decir que voy a hacer todo lo posible, me voy a ocupar, pero el prometer es sagrado y palabra de honor. Bajo la crianza que me dieron mis amados padres volver\u00eda a repetir todo de vuelta\u201d.<\/p>\n","protected":false},"excerpt":{"rendered":"<p>La referente comunitaria expres\u00f3 en \u201cVoces de la Ciudad\u201d que \u201csi volviera a nacer quisiera que se produzca el milagro de tener los mismos padres que tuve, quienes me ense\u00f1aron a ser solidaria, a mirar la gente con cari\u00f1o y a no juzgar\u201d. Ya pasaron 60 a\u00f1os desde aquel d\u00eda en que Elida Mabel Rold\u00e1n, [&hellip;]<\/p>\n","protected":false},"author":3,"featured_media":98080,"comment_status":"closed","ping_status":"closed","sticky":false,"template":"","format":"standard","meta":{"footnotes":""},"categories":[3],"tags":[],"class_list":["post-98079","post","type-post","status-publish","format-standard","has-post-thumbnail","category-masnoticias"],"_links":{"self":[{"href":"https:\/\/primicias2262.com\/noticias\/wp-json\/wp\/v2\/posts\/98079","targetHints":{"allow":["GET"]}}],"collection":[{"href":"https:\/\/primicias2262.com\/noticias\/wp-json\/wp\/v2\/posts"}],"about":[{"href":"https:\/\/primicias2262.com\/noticias\/wp-json\/wp\/v2\/types\/post"}],"author":[{"embeddable":true,"href":"https:\/\/primicias2262.com\/noticias\/wp-json\/wp\/v2\/users\/3"}],"replies":[{"embeddable":true,"href":"https:\/\/primicias2262.com\/noticias\/wp-json\/wp\/v2\/comments?post=98079"}],"version-history":[{"count":0,"href":"https:\/\/primicias2262.com\/noticias\/wp-json\/wp\/v2\/posts\/98079\/revisions"}],"wp:attachment":[{"href":"https:\/\/primicias2262.com\/noticias\/wp-json\/wp\/v2\/media?parent=98079"}],"wp:term":[{"taxonomy":"category","embeddable":true,"href":"https:\/\/primicias2262.com\/noticias\/wp-json\/wp\/v2\/categories?post=98079"},{"taxonomy":"post_tag","embeddable":true,"href":"https:\/\/primicias2262.com\/noticias\/wp-json\/wp\/v2\/tags?post=98079"}],"curies":[{"name":"wp","href":"https:\/\/api.w.org\/{rel}","templated":true}]}}