{"id":98084,"date":"2023-03-06T11:00:10","date_gmt":"2023-03-06T14:00:10","guid":{"rendered":"https:\/\/primicias2262.com\/?p=98084"},"modified":"2023-03-06T11:00:10","modified_gmt":"2023-03-06T14:00:10","slug":"en-necochea-hay-unas-2000-personas-que-seran-beneficiadas-con-la-moratoria-previsional","status":"publish","type":"post","link":"https:\/\/primicias2262.com\/noticias\/en-necochea-hay-unas-2000-personas-que-seran-beneficiadas-con-la-moratoria-previsional\/","title":{"rendered":"En Necochea hay unas 2000 personas que ser\u00e1n beneficiadas con la moratoria previsional"},"content":{"rendered":"<p><strong>As\u00ed lo inform\u00f3 el titular de ANSES Necochea, Esteban D\u00edaz, quien expres\u00f3 en \u201cVoces de la Ciudad\u201d que \u201cestamos ansiosos a que se promulgue la Ley porque hay un mont\u00f3n de gente para llamar y darle la buena noticia de que se puede jubilar\u201d.<\/strong><\/p>\n<p>Una nueva moratoria previsional fue Ley la semana anterior en el pa\u00eds y sobre ello le consult\u00f3 el periodista Jorge G\u00f3mez a D\u00edaz, quien se\u00f1al\u00f3 que falta que lo promulgue el presidente Alberto Fern\u00e1ndez, pero entendiendo que \u201cva a ser promulgada con urgencia porque si no tuvimos ley durante dos meses para poder jubilar gente fue b\u00e1sicamente porque la oposici\u00f3n no dio qu\u00f3rum, iba a estar aprobada el 15 de diciembre y fue una sesi\u00f3n bochornosa, ya ten\u00eda media sanci\u00f3n y desde ah\u00ed hasta la semana pasada la oposici\u00f3n no baj\u00f3 a dar el qu\u00f3rum sabiendo que hab\u00eda una mayor\u00eda para aprobar\u201d.<\/p>\n<p><a href=\"https:\/\/primicias2262.com\/wp-content\/uploads\/2022\/12\/esteban-diaz-mayo-de-2022.jpg\"><img loading=\"lazy\" decoding=\"async\" class=\"alignleft size-medium wp-image-96137\" src=\"https:\/\/primicias2262.com\/wp-content\/uploads\/2022\/12\/esteban-diaz-mayo-de-2022-239x300.jpg\" alt=\"\" width=\"239\" height=\"300\" \/><\/a>Por ende, \u201chay un inter\u00e9s muy grande del oficialismo de que esto sea puesto en marcha enseguida porque en el pa\u00eds hay 800 mil personas que necesitan esta ley de moratoria, de las cuales ac\u00e1 en Necochea ten\u00e9s 2000 personas que necesitan este a\u00f1o esta ley moratoria para poder jubilarse\u201d, confirm\u00f3 Esteban.<\/p>\n<p>En ese contexto, el titular de ANSES dej\u00f3 en claro que \u201cpara poder jubilarte no precis\u00e1s ning\u00fan tipo de gestor o profesional ni nada por el estilo, simplemente con venir con tu documento a ANSES, nosotros hacemos el asesoramiento, tenemos un registro de cada uno y vamos a ir llam\u00e1ndolos de a poco apenas se promulgue la ley para poder adjudicar\u201d.<\/p>\n<p>Asimismo, acot\u00f3 que \u201clo importante de esta nueva ley es que si bien hay gente que sabe que no llega a la edad jubilatoria con los 30 a\u00f1os de aporte, pueden regularizarse lo mismo e ir pagando, pueden identificar los a\u00f1os que le faltan y regularizarlos antes de llegar a la edad jubilatoria. En el caso de las mujeres, las que tienen entre 50 y 59 a\u00f1os; y en el caso de los varones los que tienen entre 55 y 64 a\u00f1os de edad que no cuentan con los ingresos registrados y ya saben que al cumplir la edad jubilatoria no van a contar con los 30 a\u00f1os de aporte, pueden entrar a la moratoria y empezar a pagar antes de llegar a esa edad, y en esta moratoria que ten\u00edamos vigente no ten\u00edamos esta herramienta\u201d.<\/p>\n","protected":false},"excerpt":{"rendered":"<p>As\u00ed lo inform\u00f3 el titular de ANSES Necochea, Esteban D\u00edaz, quien expres\u00f3 en \u201cVoces de la Ciudad\u201d que \u201cestamos ansiosos a que se promulgue la Ley porque hay un mont\u00f3n de gente para llamar y darle la buena noticia de que se puede jubilar\u201d. Una nueva moratoria previsional fue Ley la semana anterior en el [&hellip;]<\/p>\n","protected":false},"author":3,"featured_media":97974,"comment_status":"closed","ping_status":"closed","sticky":false,"template":"","format":"standard","meta":{"footnotes":""},"categories":[3],"tags":[],"class_list":["post-98084","post","type-post","status-publish","format-standard","has-post-thumbnail","category-masnoticias"],"_links":{"self":[{"href":"https:\/\/primicias2262.com\/noticias\/wp-json\/wp\/v2\/posts\/98084","targetHints":{"allow":["GET"]}}],"collection":[{"href":"https:\/\/primicias2262.com\/noticias\/wp-json\/wp\/v2\/posts"}],"about":[{"href":"https:\/\/primicias2262.com\/noticias\/wp-json\/wp\/v2\/types\/post"}],"author":[{"embeddable":true,"href":"https:\/\/primicias2262.com\/noticias\/wp-json\/wp\/v2\/users\/3"}],"replies":[{"embeddable":true,"href":"https:\/\/primicias2262.com\/noticias\/wp-json\/wp\/v2\/comments?post=98084"}],"version-history":[{"count":0,"href":"https:\/\/primicias2262.com\/noticias\/wp-json\/wp\/v2\/posts\/98084\/revisions"}],"wp:attachment":[{"href":"https:\/\/primicias2262.com\/noticias\/wp-json\/wp\/v2\/media?parent=98084"}],"wp:term":[{"taxonomy":"category","embeddable":true,"href":"https:\/\/primicias2262.com\/noticias\/wp-json\/wp\/v2\/categories?post=98084"},{"taxonomy":"post_tag","embeddable":true,"href":"https:\/\/primicias2262.com\/noticias\/wp-json\/wp\/v2\/tags?post=98084"}],"curies":[{"name":"wp","href":"https:\/\/api.w.org\/{rel}","templated":true}]}}