{"id":98086,"date":"2023-03-07T09:01:29","date_gmt":"2023-03-07T12:01:29","guid":{"rendered":"https:\/\/primicias2262.com\/?p=98086"},"modified":"2023-03-07T09:01:29","modified_gmt":"2023-03-07T12:01:29","slug":"la-receta-electronica-hace-mas-prolijo-lo-que-era-algo-muy-irregular","status":"publish","type":"post","link":"https:\/\/primicias2262.com\/noticias\/la-receta-electronica-hace-mas-prolijo-lo-que-era-algo-muy-irregular\/","title":{"rendered":"\u201cLa receta electr\u00f3nica hace m\u00e1s prolijo lo que era algo muy irregular\u201d"},"content":{"rendered":"<p><strong>As\u00ed lo defini\u00f3 el presidente de la filial Necochea del Colegio de Farmac\u00e9uticos de la Provincia de Buenos Aires, Gabriel Traversini, durante su visita a los estudios de \u201cVoces de la Ciudad\u201d.<\/strong><\/p>\n<p>Ante la consulta del periodista Jorge G\u00f3mez por el nuevo sistema de Receta Electr\u00f3nica Bonaerense que ha entrado en vigencia a partir del 1\u00ba de marzo, expres\u00f3 que \u201cen principio hay que destacar una situaci\u00f3n que es muy bienvenida y es el norte que est\u00e1 marcado, aprovechando toda la cuesti\u00f3n tecnol\u00f3gica que hoy d\u00eda existe con la posibilidad de hacer recetas digitales y firmas digitales. Durante la pandemia se precipit\u00f3 esta necesidad para obtener otro medio para contar con una receta que no fuese estando en presencia del m\u00e9dico\u201d.<\/p>\n<p>Sin embargo, \u201ctodas las irregularidades juntas estaban en la receta fotocopia, aunque era aceptado por la emergencia\u201d, se\u00f1al\u00f3 el profesional, y puso en contexto que este cambio llega en paralelo a que el Estado Nacional ha promulgado leyes por las cuales se habilita la receta electr\u00f3nica y la firma electr\u00f3nica en todo el pa\u00eds, y la Provincia de Buenos Aires adhiere a la Ley Nacional.<\/p>\n<p><a href=\"https:\/\/primicias2262.com\/wp-content\/uploads\/2021\/09\/traversini.jpeg\"><img loading=\"lazy\" decoding=\"async\" class=\"alignleft size-medium wp-image-81969\" src=\"https:\/\/primicias2262.com\/wp-content\/uploads\/2021\/09\/traversini-300x277.jpeg\" alt=\"\" width=\"300\" height=\"277\" \/><\/a>Ante todo ello, Traversini opin\u00f3 que \u201cesto viene a hacer m\u00e1s prolijo lo que era de forma irregular con la receta en fotocopia. Por ejemplo, en PAMI, que es una poblaci\u00f3n muy grande, esta modalidad se viene utilizando hace tres a\u00f1os, por eso a no asustarse porque es m\u00e1s sencillo que mandar un mail o sacarse una foto y mandarlo por WhatsApp\u201d.<\/p>\n<p>En cuanto a la transici\u00f3n de un sistema a otro, manifest\u00f3 que \u201ces un proceso, el 28 de febrero dejaron de tener validez esas recetas de forma irregular con el tema de las fotos, y a partir del 1\u00ba de marzo la receta que da el m\u00e9dico es la de papel seguro pero adem\u00e1s aparece esta versi\u00f3n legal de la firma del m\u00e9dico similar a un token, es decir que la receta no podr\u00e1 estar firmada por otra persona que no sea el m\u00e9dico\u201d.<\/p>\n<p>Otro aliciente positivo es que aparece el no error, \u201clo que antes era que faltaba el sello o la firma, o estaba mal la fecha, alguna cuesti\u00f3n de forma o no se entend\u00eda el medicamento, en este caso no habr\u00e1 dudas. Se llenar\u00e1 un formulario con campos obligatorios y as\u00ed estar\u00e1 la receta correctamente llena\u201d, diferenci\u00f3 el farmac\u00e9utico.<\/p>\n<p>Explic\u00f3 seguidamente que \u201cla persona recibir\u00e1 la receta del m\u00e9dico por WhatsApp o por mail, y la persona asiste a la farmacia con el n\u00famero que lo puede saber de memoria, con un c\u00f3digo de barras que tendr\u00e1 en su WhatsApp o mail, o lo tendr\u00e1 copiado en un cuaderno. No hay una receta impresa, sino un c\u00f3digo de barras, el cual levantamos en la farmacia o ingresamos con dos datos que son el n\u00famero de receta y el documento de la persona, igual que el sistema de PAMI, que est\u00e1 muy aceitado. Es igual o m\u00e1s sencillo, pero con m\u00e1s ventajas\u201d.<\/p>\n<p>Finalmente, Traversini confirm\u00f3 que todas las farmacias de la Provincia de Buenos Aires est\u00e1n habilitadas para atender este tipo de prestaciones: \u201cAhora las dos formas que existen de recibir recetas de parte de un paciente que va a la farmacia es en papel o electr\u00f3nica\u201d, aclar\u00f3, para concluir de manera enf\u00e1tica que \u201cesto hace m\u00e1s prolijo todo lo que era horrible en su momento pero que hab\u00eda que aceptarlo por la emergencia\u201d.<\/p>\n","protected":false},"excerpt":{"rendered":"<p>As\u00ed lo defini\u00f3 el presidente de la filial Necochea del Colegio de Farmac\u00e9uticos de la Provincia de Buenos Aires, Gabriel Traversini, durante su visita a los estudios de \u201cVoces de la Ciudad\u201d. Ante la consulta del periodista Jorge G\u00f3mez por el nuevo sistema de Receta Electr\u00f3nica Bonaerense que ha entrado en vigencia a partir del [&hellip;]<\/p>\n","protected":false},"author":3,"featured_media":98112,"comment_status":"closed","ping_status":"closed","sticky":false,"template":"","format":"standard","meta":{"footnotes":""},"categories":[3],"tags":[],"class_list":["post-98086","post","type-post","status-publish","format-standard","has-post-thumbnail","category-masnoticias"],"_links":{"self":[{"href":"https:\/\/primicias2262.com\/noticias\/wp-json\/wp\/v2\/posts\/98086","targetHints":{"allow":["GET"]}}],"collection":[{"href":"https:\/\/primicias2262.com\/noticias\/wp-json\/wp\/v2\/posts"}],"about":[{"href":"https:\/\/primicias2262.com\/noticias\/wp-json\/wp\/v2\/types\/post"}],"author":[{"embeddable":true,"href":"https:\/\/primicias2262.com\/noticias\/wp-json\/wp\/v2\/users\/3"}],"replies":[{"embeddable":true,"href":"https:\/\/primicias2262.com\/noticias\/wp-json\/wp\/v2\/comments?post=98086"}],"version-history":[{"count":0,"href":"https:\/\/primicias2262.com\/noticias\/wp-json\/wp\/v2\/posts\/98086\/revisions"}],"wp:attachment":[{"href":"https:\/\/primicias2262.com\/noticias\/wp-json\/wp\/v2\/media?parent=98086"}],"wp:term":[{"taxonomy":"category","embeddable":true,"href":"https:\/\/primicias2262.com\/noticias\/wp-json\/wp\/v2\/categories?post=98086"},{"taxonomy":"post_tag","embeddable":true,"href":"https:\/\/primicias2262.com\/noticias\/wp-json\/wp\/v2\/tags?post=98086"}],"curies":[{"name":"wp","href":"https:\/\/api.w.org\/{rel}","templated":true}]}}