{"id":98092,"date":"2023-03-06T09:53:47","date_gmt":"2023-03-06T12:53:47","guid":{"rendered":"https:\/\/primicias2262.com\/?p=98092"},"modified":"2023-03-06T09:53:47","modified_gmt":"2023-03-06T12:53:47","slug":"topo-rodriguez-insiste-ante-kicillof-por-el-descuento-en-garrafas-para-zonas-frias","status":"publish","type":"post","link":"https:\/\/primicias2262.com\/noticias\/topo-rodriguez-insiste-ante-kicillof-por-el-descuento-en-garrafas-para-zonas-frias\/","title":{"rendered":"\u201cTopo\u201d Rodr\u00edguez insiste ante Kicillof por el descuento en garrafas para zonas fr\u00edas"},"content":{"rendered":"<p><strong>El diputado nacional y presidente del Interbloque Federal, Alejandro \u201cTopo\u201d Rodr\u00edguez, volvi\u00f3 a reclamarle al Gobernador de la Provincia de Buenos Aires, Axel Kicillof, que se aplique el descuento por zona fr\u00eda a los usuarios residenciales que usan gas en garrafas o tubos.<\/strong><\/p>\n<p>Reiterando el reclamo cursado en septiembre del a\u00f1o pasado, el diputado oriundo de Tandil le manifest\u00f3 al Gobernador Axel Kicillof \u201cla profunda preocupaci\u00f3n por la falta de implementaci\u00f3n de los descuentos por zona fr\u00eda para usuarios residenciales bonaerenses de gas en garrafas, cilindros y otros, tal como lo establece la Ley 27.637\u201d, mediante una nota fechada el 2 de marzo pasado.<\/p>\n<p>En declaraciones a medios provinciales, el legislador nacional expres\u00f3: \u201cles pido que apliquen los descuentos desde ahora, antes que venga el fr\u00edo. El invierno pasado no cumplieron y eso complica especialmente a las familias m\u00e1s humildes y a la clase media trabajadora, que hoy son los m\u00e1s castigados por la inflaci\u00f3n\u201d, sentenci\u00f3 el Topo Rodr\u00edguez.<\/p>\n<p>Rodr\u00edguez es coautor y uno de los principales impulsores de la ley que extendi\u00f3 el alcance de Zonas Fr\u00edas para descuentos en el precio del gas que se usa en los hogares, aprobada por el Congreso de la Naci\u00f3n en junio de 2021 y conocida como \u201cLey 27.637 para la Ampliaci\u00f3n del R\u00e9gimen de Zona Fr\u00eda\u201d.<\/p>\n<p>La ley establece que los descuentos del 30% y del 50% en el precio del gas que se consume en los hogares, se aplique tanto en el servicio que se recibe por la red domiciliaria como en aquellos casos en que se usa gas envasado, como garrafas y tubos.<\/p>\n<p>Casi dos a\u00f1os despu\u00e9s de esa aprobaci\u00f3n, la Provincia de Buenos Aires sigue sin aplicar los descuentos a los usuarios residenciales de garrafas, cilindros, gas licuado de petr\u00f3leo y gas propano comercializado a granel. En cambio, los descuentos en las facturas del gas que se recibe por la red domiciliaria se vienen aplicando normalmente.<\/p>\n<p><a href=\"https:\/\/primicias2262.com\/wp-content\/uploads\/2023\/03\/NOTA-KICILLOF-GHIONI.pdf\"><strong>NOTA KICILLOF-GHIONI<\/strong><\/a><\/p>\n<p><strong>EL PRECIO DE LAS GARRAFAS PARA EL PROGRAMA HOGAR<\/strong><\/p>\n<p>Mediante la Resoluci\u00f3n 62\/2023 de la Secretar\u00eda de Energ\u00eda de la Naci\u00f3n, se establecieron los precios m\u00e1ximos de referencia para garrafas del Programa HOGAR, que rigen desde el 1 de febrero de este a\u00f1o.<\/p>\n<p>Los valores se fijaron en 1118 pesos para la garrafa de gas de 10 kilos, 1341 pesos para la de 12 kilos y 1677 para la de 15 kilos.<\/p>\n<p>Dado que esos precios establecidos por la Resoluci\u00f3n no incluyen el impuesto a los ingresos brutos ni el servicio de entrega a domicilio, la realidad es que -al menos en la provincia de Buenos Aires- la garrafa de 10kgs del Programa HOGAR se est\u00e1 pagando alrededor de 1300 pesos y 1650 pesos entregada en el domicilio.<\/p>\n","protected":false},"excerpt":{"rendered":"<p>El diputado nacional y presidente del Interbloque Federal, Alejandro \u201cTopo\u201d Rodr\u00edguez, volvi\u00f3 a reclamarle al Gobernador de la Provincia de Buenos Aires, Axel Kicillof, que se aplique el descuento por zona fr\u00eda a los usuarios residenciales que usan gas en garrafas o tubos. Reiterando el reclamo cursado en septiembre del a\u00f1o pasado, el diputado oriundo [&hellip;]<\/p>\n","protected":false},"author":3,"featured_media":98094,"comment_status":"closed","ping_status":"closed","sticky":false,"template":"","format":"standard","meta":{"footnotes":""},"categories":[3],"tags":[],"class_list":["post-98092","post","type-post","status-publish","format-standard","has-post-thumbnail","category-masnoticias"],"_links":{"self":[{"href":"https:\/\/primicias2262.com\/noticias\/wp-json\/wp\/v2\/posts\/98092","targetHints":{"allow":["GET"]}}],"collection":[{"href":"https:\/\/primicias2262.com\/noticias\/wp-json\/wp\/v2\/posts"}],"about":[{"href":"https:\/\/primicias2262.com\/noticias\/wp-json\/wp\/v2\/types\/post"}],"author":[{"embeddable":true,"href":"https:\/\/primicias2262.com\/noticias\/wp-json\/wp\/v2\/users\/3"}],"replies":[{"embeddable":true,"href":"https:\/\/primicias2262.com\/noticias\/wp-json\/wp\/v2\/comments?post=98092"}],"version-history":[{"count":0,"href":"https:\/\/primicias2262.com\/noticias\/wp-json\/wp\/v2\/posts\/98092\/revisions"}],"wp:attachment":[{"href":"https:\/\/primicias2262.com\/noticias\/wp-json\/wp\/v2\/media?parent=98092"}],"wp:term":[{"taxonomy":"category","embeddable":true,"href":"https:\/\/primicias2262.com\/noticias\/wp-json\/wp\/v2\/categories?post=98092"},{"taxonomy":"post_tag","embeddable":true,"href":"https:\/\/primicias2262.com\/noticias\/wp-json\/wp\/v2\/tags?post=98092"}],"curies":[{"name":"wp","href":"https:\/\/api.w.org\/{rel}","templated":true}]}}