{"id":98109,"date":"2023-03-06T09:56:55","date_gmt":"2023-03-06T12:56:55","guid":{"rendered":"https:\/\/primicias2262.com\/?p=98109"},"modified":"2023-03-06T09:56:55","modified_gmt":"2023-03-06T12:56:55","slug":"domingo-intenso-para-los-guardavidas-que-salvaron-la-vida-de-varias-personas","status":"publish","type":"post","link":"https:\/\/primicias2262.com\/noticias\/domingo-intenso-para-los-guardavidas-que-salvaron-la-vida-de-varias-personas\/","title":{"rendered":"Domingo intenso para los guardavidas, que salvaron la vida de varias personas"},"content":{"rendered":"<p><strong>Fuente: El Ciudadano Necochea<\/strong><\/p>\n<p><strong>Una intensa actividad desplegaron en la jornada de este domingo integrantes del cuerpo de Guardavidas de las playas de Necochea y Quequ\u00e9n, la cual fue destacada por la asociaci\u00f3n que los representa.<\/strong><\/p>\n<p>Dicha entidad expres\u00f3 su felicitaci\u00f3n a los guardavidas de Quequ\u00e9n que asistieron a una persona descompensada, la cual entr\u00f3 en paro card\u00edaco, en la zona cercana al club de mar La Viraz\u00f3n. Realizaron todas las maniobras de RCP, destac\u00e1ndose la importancia del DEA (desfibrilador), que es un dispositivo mediante el cual se aplica una descarga el\u00e9ctrica al pecho de la persona en paro card\u00edaco.<\/p>\n<p>La Asociaci\u00f3n de Guardavidas de Necochea-Quequ\u00e9n indicaron que \u201ccon la infraestructura existente, que no es la mejor para esta \u00e9poca de marzo, y sin ambulancia en Quequ\u00e9n, los compa\u00f1eros continuaron haci\u00e9ndole RCP a la persona afectada, llev\u00e1ndola hasta el Hospital Ir\u00farzun, en la camioneta que presta servicios para los guardavidas, ingresando con signos vitales estables\u201d.<\/p>\n<p>Acotaron que, de la misma manera, guardavidas que se encontraban de paseo por la zona cercana a Karamawi, en la primera bajada de veh\u00edculos 4\u00d74 rescataron en el mar a varias personas, habiendo tragado agua algunas de ellas y llegando a asistirlas. Tambi\u00e9n en este caso se utiliz\u00f3 la camioneta destinada a guardavidas.<\/p>\n<p>\u201cEs un orgullo contar con tanto recurso humano de la profesionalidad con la que cuenta hoy el servicio de guardavidas de Necochea y Quequ\u00e9n\u201d, subrayaron desde la asociaci\u00f3n que conduce Pablo Su\u00e1rez.<\/p>\n<p>Asimismo, recalcaron \u201cla necesidad de contar en esta \u00e9poca con una cobertura mayor en cuanto a guardavidas, y mayor dotaci\u00f3n de elementos de trabajo. Sin embarcaci\u00f3n acu\u00e1tica, sin DEA y con falta de m\u00e9dicos en las salas de primeros auxilios\u201d.<\/p>\n<p>Por otra parte, lamentaron el fallecimiento de la persona que se encontraba en la zona cercana a Sotavento, alrededor de las 21.30, se\u00f1alando que a esa hora ya hab\u00eda finalizado la prestaci\u00f3n del servicio de guardavidas.<\/p>\n","protected":false},"excerpt":{"rendered":"<p>Fuente: El Ciudadano Necochea Una intensa actividad desplegaron en la jornada de este domingo integrantes del cuerpo de Guardavidas de las playas de Necochea y Quequ\u00e9n, la cual fue destacada por la asociaci\u00f3n que los representa. Dicha entidad expres\u00f3 su felicitaci\u00f3n a los guardavidas de Quequ\u00e9n que asistieron a una persona descompensada, la cual entr\u00f3 [&hellip;]<\/p>\n","protected":false},"author":3,"featured_media":95599,"comment_status":"closed","ping_status":"closed","sticky":false,"template":"","format":"standard","meta":{"footnotes":""},"categories":[3],"tags":[],"class_list":["post-98109","post","type-post","status-publish","format-standard","has-post-thumbnail","category-masnoticias"],"_links":{"self":[{"href":"https:\/\/primicias2262.com\/noticias\/wp-json\/wp\/v2\/posts\/98109","targetHints":{"allow":["GET"]}}],"collection":[{"href":"https:\/\/primicias2262.com\/noticias\/wp-json\/wp\/v2\/posts"}],"about":[{"href":"https:\/\/primicias2262.com\/noticias\/wp-json\/wp\/v2\/types\/post"}],"author":[{"embeddable":true,"href":"https:\/\/primicias2262.com\/noticias\/wp-json\/wp\/v2\/users\/3"}],"replies":[{"embeddable":true,"href":"https:\/\/primicias2262.com\/noticias\/wp-json\/wp\/v2\/comments?post=98109"}],"version-history":[{"count":0,"href":"https:\/\/primicias2262.com\/noticias\/wp-json\/wp\/v2\/posts\/98109\/revisions"}],"wp:attachment":[{"href":"https:\/\/primicias2262.com\/noticias\/wp-json\/wp\/v2\/media?parent=98109"}],"wp:term":[{"taxonomy":"category","embeddable":true,"href":"https:\/\/primicias2262.com\/noticias\/wp-json\/wp\/v2\/categories?post=98109"},{"taxonomy":"post_tag","embeddable":true,"href":"https:\/\/primicias2262.com\/noticias\/wp-json\/wp\/v2\/tags?post=98109"}],"curies":[{"name":"wp","href":"https:\/\/api.w.org\/{rel}","templated":true}]}}