{"id":98122,"date":"2023-03-07T11:58:09","date_gmt":"2023-03-07T14:58:09","guid":{"rendered":"https:\/\/primicias2262.com\/?p=98122"},"modified":"2023-03-07T11:58:09","modified_gmt":"2023-03-07T14:58:09","slug":"manifeste-que-tenia-intenciones-de-ser-precandidato-a-intendente-y-lo-sostengo-firmemente","status":"publish","type":"post","link":"https:\/\/primicias2262.com\/noticias\/manifeste-que-tenia-intenciones-de-ser-precandidato-a-intendente-y-lo-sostengo-firmemente\/","title":{"rendered":"\u201cManifest\u00e9 que ten\u00eda intenciones de ser precandidato a intendente y lo sostengo firmemente\u201d"},"content":{"rendered":"<p><strong>As\u00ed lo ratific\u00f3 el concejal del interbloque del Frente de Todos, Mauro Vel\u00e1zquez, durante una nota realizada por el periodista Jorge G\u00f3mez en \u201cVoces de la Ciudad\u201d, donde se tocaron varios temas pero el foco principal estuvo puesto en el a\u00f1o electoral.<\/strong><\/p>\n<p>En ese contexto, al ser consultado si mantiene su idea de ser precandidato a intendente desde el espacio del Frente Renovador y dentro de un gran conglomerado como es el Frente de Todos, Vel\u00e1zquez afirm\u00f3 que \u201cs\u00ed, desde el momento que lo dije\u2026 soy responsable cuando digo las cosas, y cuando lo manifest\u00e9 ya lo hab\u00eda hablado en mi casa con mi familia, como corresponde, primeramente lo medit\u00e9 en lo personal porque uno entiende la responsabilidad que es estar ah\u00ed, luego pas\u00f3 por la conducci\u00f3n del espacio, mis compa\u00f1eros, y manifest\u00e9 que yo ten\u00eda intenciones de ser precandidato y lo mantengo y lo sostengo firmemente, cada d\u00eda que pasa estoy m\u00e1s convencido de ir hacia adelante\u201d.<\/p>\n<p>Acto seguido, afirm\u00f3 \u00a0enf\u00e1tico que \u201csoy militante de hace muchos a\u00f1os y hay que jug\u00e1rsela, nadie te va a decir \u201cven\u00ed vos\u201d a dedo, y si alguno le toca el dedo se lo vamos a pelear, no lo vamos a dejar pasar.<\/p>\n<p><a href=\"https:\/\/primicias2262.com\/wp-content\/uploads\/2022\/12\/mauro-velazquez.jpg\"><img loading=\"lazy\" decoding=\"async\" class=\"alignleft size-medium wp-image-96071\" src=\"https:\/\/primicias2262.com\/wp-content\/uploads\/2022\/12\/mauro-velazquez-300x169.jpg\" alt=\"\" width=\"300\" height=\"169\" \/><\/a>Sobre el amplio espectro del Frente de Todos que componen el propio Frente Renovador con La C\u00e1mpora, el Partido justicialista, el Movimiento Evita y dem\u00e1s corrientes, se\u00f1al\u00f3 en primer t\u00e9rmino que \u201cla mayor\u00eda tiene ganas de participar y eso es lo sano, es importante que est\u00e9n las PASO, yo hablo siempre desde el Frente Renovador, no me puedo atribuir a todo el espacio del Frente de Todos porque soy respetuoso de cada espacio, pero ser\u00eda importante que vayamos todos juntos, y si eso no sucede y tenemos que competir, iremos a competir y no hay problema, es lo sano y muy importante\u201d.<\/p>\n<p>Asimismo, se expres\u00f3 de forma cr\u00edtica al manifestar que \u201clo importante es que el que gana conduzca y el que pierda acompa\u00f1e, pero ha sucedido que los que han perdido no han acompa\u00f1ado, eso es un problema\u201d, y en tal sentido apunto \u201cal \u00a0presidente del PJ (Marcelo Rivero): \u201c\u00c9l dijo que los del \u201919 y el \u201921 son los mismos que est\u00e1n ahora, y s\u00ed, somos los mismos\u2026 lo que yo cre\u00eda es que \u00e9l estaba en el Frente de Todos, pero si dice as\u00ed, no es parte y pretende una renovaci\u00f3n\u201d.<\/p>\n<p>Y agreg\u00f3 que \u201cparece que no estuvo dentro del Frente, pero en 2019 la segunda candidata a concejal era la vicepresidenta del Partido Justicialista, o sea que estuvo, no s\u00e9 si f\u00edsicamente, pero s\u00ed el partido. El error que cometen muchos es que se atribuyen la institucionalidad como personal, y ah\u00ed entran las confusiones. Flaco favor le hacemos a la ciudadan\u00eda con estas disputas\u2026 los trapitos sucios se lavan en casa y es lo que hay que hacer, sentarnos en el Partido o en el local que quieran y discutir nuestras cosas para adentro, y dialogar, que es la manera de sanar y llegar a un acuerdo, m\u00e1s all\u00e1 de las miradas antag\u00f3nicas de las cosas\u201d.<\/p>\n<p>En tanto, \u201cle tenemos que ofrecer nuestros proyectos a los vecinos de la ciudad, porque si no nos quedamos en disputas de dirigentes\u2026 discutamos adentro pero en la calle dig\u00e1mosle a la gente lo que queremos para la ciudad, creo que ese es el camino\u201d, redonde\u00f3 el edil y precandidato a dirigir la intendencia del distrito.<\/p>\n","protected":false},"excerpt":{"rendered":"<p>As\u00ed lo ratific\u00f3 el concejal del interbloque del Frente de Todos, Mauro Vel\u00e1zquez, durante una nota realizada por el periodista Jorge G\u00f3mez en \u201cVoces de la Ciudad\u201d, donde se tocaron varios temas pero el foco principal estuvo puesto en el a\u00f1o electoral. En ese contexto, al ser consultado si mantiene su idea de ser precandidato [&hellip;]<\/p>\n","protected":false},"author":3,"featured_media":98128,"comment_status":"closed","ping_status":"closed","sticky":false,"template":"","format":"standard","meta":{"footnotes":""},"categories":[3],"tags":[],"class_list":["post-98122","post","type-post","status-publish","format-standard","has-post-thumbnail","category-masnoticias"],"_links":{"self":[{"href":"https:\/\/primicias2262.com\/noticias\/wp-json\/wp\/v2\/posts\/98122","targetHints":{"allow":["GET"]}}],"collection":[{"href":"https:\/\/primicias2262.com\/noticias\/wp-json\/wp\/v2\/posts"}],"about":[{"href":"https:\/\/primicias2262.com\/noticias\/wp-json\/wp\/v2\/types\/post"}],"author":[{"embeddable":true,"href":"https:\/\/primicias2262.com\/noticias\/wp-json\/wp\/v2\/users\/3"}],"replies":[{"embeddable":true,"href":"https:\/\/primicias2262.com\/noticias\/wp-json\/wp\/v2\/comments?post=98122"}],"version-history":[{"count":0,"href":"https:\/\/primicias2262.com\/noticias\/wp-json\/wp\/v2\/posts\/98122\/revisions"}],"wp:attachment":[{"href":"https:\/\/primicias2262.com\/noticias\/wp-json\/wp\/v2\/media?parent=98122"}],"wp:term":[{"taxonomy":"category","embeddable":true,"href":"https:\/\/primicias2262.com\/noticias\/wp-json\/wp\/v2\/categories?post=98122"},{"taxonomy":"post_tag","embeddable":true,"href":"https:\/\/primicias2262.com\/noticias\/wp-json\/wp\/v2\/tags?post=98122"}],"curies":[{"name":"wp","href":"https:\/\/api.w.org\/{rel}","templated":true}]}}