{"id":98124,"date":"2023-03-08T09:36:39","date_gmt":"2023-03-08T12:36:39","guid":{"rendered":"https:\/\/primicias2262.com\/?p=98124"},"modified":"2023-03-08T09:36:39","modified_gmt":"2023-03-08T12:36:39","slug":"vazquez-aseguro-que-necochea-necesita-mas-personal-policial-y-patrulleros","status":"publish","type":"post","link":"https:\/\/primicias2262.com\/noticias\/vazquez-aseguro-que-necochea-necesita-mas-personal-policial-y-patrulleros\/","title":{"rendered":"V\u00e1zquez asegur\u00f3 que Necochea necesita m\u00e1s personal policial y patrulleros"},"content":{"rendered":"<p><strong>El subsecretario de Prevenci\u00f3n y Monitoreo de la Municipalidad, \u00c1ngel V\u00e1zquez, habl\u00f3 sobre diferentes aspectos de seguridad en el distrito y dentro de las necesidades afirm\u00f3 que hacen falta por lo menos, 10 efectivos policiales m\u00e1s, y patrulleros. Lo expres\u00f3 durante una nota telef\u00f3nica en \u201cVoces de la Ciudad\u201d, realizada por el periodista Jorge G\u00f3mez.<\/strong><\/p>\n<p>Durante el di\u00e1logo, V\u00e1zquez habl\u00f3 de hechos delictivos puntuales, como los robos de cables y dem\u00e1s il\u00edcitos en Quequ\u00e9n, y tambi\u00e9n se explay\u00f3 sobre los proyectos de Caballer\u00eda y la Sala de Monitoreo, pero en el cierre de la nota destac\u00f3 lo m\u00e1s saliente al reconocer que \u201cpuntualmente para Necochea necesitamos m\u00e1s cantidad de personal y m\u00e1s patrulleros en buenas condiciones. Hacen falta por lo menos 100 efectivos m\u00e1s, recordemos que unos 40 se fueron con el tema del reclamo y a partir de ah\u00ed mucha gente ha ido migrando por el tema salarial, y algunos se han jubilado\u201d.<\/p>\n<p>Antes que ello, inform\u00f3 que \u201cestuvimos reunidos en Quequ\u00e9n por el tema de seguridad, en realidad son reuniones que venimos teniendo desde el a\u00f1o anterior, sabemos que cuando nos sentamos a escuchar, los vecinos nos cuentan hechos de inseguridad, algunos que son hist\u00f3ricos\u2026 los hechos no se borran en un instante, sino que quedan por bastante tiempo\u201d.<\/p>\n<p>Al respecto, se\u00f1al\u00f3 que \u201cen Quequ\u00e9n se han venido robando cables y hemos hecho un mapa del delito, lo hemos ilustrado ante la polic\u00eda y les hemos mandado los pedidos por expediente para que trabajen en esa zona; hemos tenido reuniones en la Usina con los responsables de alertas en esas situaciones y con la prestaci\u00f3n del tel\u00e9fono del Comando de Patrulla para que esa alerta salga de forma inmediata a los dos lugares y que un m\u00f3vil est\u00e9 en sinton\u00eda con la falta de energ\u00eda de determinado sector\u201d.<\/p>\n<p>\u201cDe esa manera bajaron los decibeles, pero \u00faltimamente hay que ver que los robos de cables se tradujeron en la telefon\u00eda y no en el sistema el\u00e9ctrico, lo cual trae como consecuencia la falta de telefon\u00eda fija en la Comisar\u00eda de Quequ\u00e9n, as\u00ed que se trabaj\u00f3 en eso, se habl\u00f3 con la Jefatura Departamental y se hizo la conexi\u00f3n correspondiente para que los llamados impacten en un celular adaptado a la situaci\u00f3n en la Comisar\u00eda Segunda\u201d, describi\u00f3 el funcionario, acotando que \u201cson formas de ir mejorando los reclamos, atendiendo lo que los vecinos nos transmiten\u201d.<\/p>\n<p>Respecto a la Caballer\u00eda, apunt\u00f3 que \u201ctuve una reuni\u00f3n con referentes del \u00e1rea y empezar\u00e1n a volcar un poco m\u00e1s de gente. Esta semana se arma el \u00e1mbito habitacional para las personas que se queden en la ciudad\u201d, al tiempo que sobre la nueva Sala de Monitoreo, que estar\u00e1 en Av. 58 entre 65 y 67, report\u00f3 que \u201cvenimos trabajando con quienes est\u00e1n haciendo la remodelaci\u00f3n ah\u00ed, el tema administrativo tambi\u00e9n est\u00e1 de por medio, aunque los elementos propiamente dichos, las c\u00e1maras de seguridad, ya las tenemos en la Sala de Monitoreo del Centro C\u00edvico, parte de las cajas y de las lectoras tambi\u00e9n est\u00e1n ac\u00e1, y casi todo el tendido de fibra est\u00e1 realizado en los accesos de la ciudad, solo faltar\u00edan escasos puntos a conectar y si seguimos trabajando al ritmo que vamos se podr\u00eda presentar a fin de este mes de marzo\u201d.<\/p>\n<p>Por \u00faltimo, el subsecretario mencion\u00f3 al resto del distrito: \u201cTambi\u00e9n estamos atendiendo las inquietudes de las delegaciones, estuvimos en La Dulce para redireccionamiento de se\u00f1al y colocaci\u00f3n de c\u00e1maras nuevas y esta semana iremos a Juan N. Fern\u00e1ndez. Aprovechamos la oportunidad para hablar con los referentes policiales de cada lugar para ver en qu\u00e9 los podemos ayudar\u201d.<\/p>\n","protected":false},"excerpt":{"rendered":"<p>El subsecretario de Prevenci\u00f3n y Monitoreo de la Municipalidad, \u00c1ngel V\u00e1zquez, habl\u00f3 sobre diferentes aspectos de seguridad en el distrito y dentro de las necesidades afirm\u00f3 que hacen falta por lo menos, 10 efectivos policiales m\u00e1s, y patrulleros. Lo expres\u00f3 durante una nota telef\u00f3nica en \u201cVoces de la Ciudad\u201d, realizada por el periodista Jorge G\u00f3mez. [&hellip;]<\/p>\n","protected":false},"author":3,"featured_media":98125,"comment_status":"closed","ping_status":"closed","sticky":false,"template":"","format":"standard","meta":{"footnotes":""},"categories":[3],"tags":[],"class_list":["post-98124","post","type-post","status-publish","format-standard","has-post-thumbnail","category-masnoticias"],"_links":{"self":[{"href":"https:\/\/primicias2262.com\/noticias\/wp-json\/wp\/v2\/posts\/98124","targetHints":{"allow":["GET"]}}],"collection":[{"href":"https:\/\/primicias2262.com\/noticias\/wp-json\/wp\/v2\/posts"}],"about":[{"href":"https:\/\/primicias2262.com\/noticias\/wp-json\/wp\/v2\/types\/post"}],"author":[{"embeddable":true,"href":"https:\/\/primicias2262.com\/noticias\/wp-json\/wp\/v2\/users\/3"}],"replies":[{"embeddable":true,"href":"https:\/\/primicias2262.com\/noticias\/wp-json\/wp\/v2\/comments?post=98124"}],"version-history":[{"count":0,"href":"https:\/\/primicias2262.com\/noticias\/wp-json\/wp\/v2\/posts\/98124\/revisions"}],"wp:attachment":[{"href":"https:\/\/primicias2262.com\/noticias\/wp-json\/wp\/v2\/media?parent=98124"}],"wp:term":[{"taxonomy":"category","embeddable":true,"href":"https:\/\/primicias2262.com\/noticias\/wp-json\/wp\/v2\/categories?post=98124"},{"taxonomy":"post_tag","embeddable":true,"href":"https:\/\/primicias2262.com\/noticias\/wp-json\/wp\/v2\/tags?post=98124"}],"curies":[{"name":"wp","href":"https:\/\/api.w.org\/{rel}","templated":true}]}}