{"id":98140,"date":"2023-03-07T13:23:30","date_gmt":"2023-03-07T16:23:30","guid":{"rendered":"https:\/\/primicias2262.com\/?p=98140"},"modified":"2023-03-07T13:23:30","modified_gmt":"2023-03-07T16:23:30","slug":"deportes-amplia-la-oferta-de-las-escuelas-municipales-en-el-poli-y-sedes-descentralizadas","status":"publish","type":"post","link":"https:\/\/primicias2262.com\/noticias\/deportes-amplia-la-oferta-de-las-escuelas-municipales-en-el-poli-y-sedes-descentralizadas\/","title":{"rendered":"Deportes ampl\u00eda la oferta de las Escuelas Municipales en el \u2018Poli\u2019 y sedes descentralizadas"},"content":{"rendered":"<p><strong>En los estudios de \u201cVoces de la Ciudad\u201d, la directora de Deportes, Guadalupe Hern\u00e1ndez, manifest\u00f3 que \u201cel a\u00f1o pasado cerramos diciembre con casi 900 personas haciendo actividad f\u00edsica en dependencia de la Direcci\u00f3n de Deportes, y este a\u00f1o apuntamos a superar esa cifra, y eso se supera ampliando la oferta y descentralizando la actividad. Amamos el Polideportivo pero si todo se concentra ah\u00ed, hay gente que no puede llegar\u201d.<\/strong><\/p>\n<p>Adem\u00e1s, el di\u00e1logo con el periodista Jorge G\u00f3mez, la funcionaria record\u00f3 que todas las actividades de las Escuelas Deportivas Municipales son gratuitas. El inicio de ciclo de las mismas estaba previsto para este lunes 6, pero algunas comenzaron y otras debieron postergar su actividad por las altas temperaturas.<\/p>\n<p>Al respecto, Hern\u00e1ndez se\u00f1al\u00f3 que \u201cle transmitimos a las familias que no se preocupen si faltaban los alumnos, que lo que hicimos el lunes lo \u00edbamos a replicar el mi\u00e9rcoles 8, no pasaba nada si faltaban el primer d\u00eda\u2026 y decidimos suspender actividades porque no eran temperaturas para andar en la calle\u201d. De esa manera, algunas comenzaron y otras est\u00e1n por empezar.<\/p>\n<p>A continuaci\u00f3n, Guadalupe explic\u00f3 que la actividad est\u00e1 dividida seg\u00fan sectores, a fin de que sea m\u00e1s f\u00e1cil la llegada de la informaci\u00f3n. \u201cTenemos actividades en el polideportivo, pero tambi\u00e9n estamos en EFI (Educaci\u00f3n F\u00edsica Infantil); en la Escuela N\u00ba 10 con multi deportes; en la Escuela Secundaria N\u00ba 5 del Barrio 9 de Julio estamos martes y jueves con b\u00e1squet y a su vez empezamos con una clases de yoga cada 15 d\u00edas en el Polideportivo\u201d, apunt\u00f3.<\/p>\n<p>Asimismo, destac\u00f3 que \u201cseguimos con las caminatas en la ribera, con Adriana Lucifora, que arrancaba este martes y es una de las actividades que m\u00e1s gente tiene\u201d, y a su vez no soslay\u00f3 que \u201cesta semana empezaremos tambi\u00e9n en tres centros de jubilados. \u00a0En Barrio Sur en la calle 71 N\u00ba 2158, lunes, mi\u00e9rcoles y viernes a la ma\u00f1ana; martes y jueves en el Barrio 9 de Julio (77 y 102 bis); y en Barrio Oeste (esquina 76 y 65) los s\u00e1bados. Son actividades para adultos mayores, m\u00e1s que nada gimnasia, actividad f\u00edsica, movimientos, donde trabajan con pelotas, sillas, bastones, pompones, y cada profesor le da su impronta\u201d.<\/p>\n<p><a href=\"https:\/\/primicias2262.com\/wp-content\/uploads\/2023\/03\/guadalupe-hernandez.jpeg\"><img loading=\"lazy\" decoding=\"async\" class=\"alignleft size-medium wp-image-98144\" src=\"https:\/\/primicias2262.com\/wp-content\/uploads\/2023\/03\/guadalupe-hernandez-300x225.jpeg\" alt=\"\" width=\"300\" height=\"225\" \/><\/a>En cuanto a la respuesta de la comunidad, Hern\u00e1ndez reconoci\u00f3 que este a\u00f1o \u201cnos sorprendi\u00f3 la cantidad de inscriptos de forma virtual. Hicimos la reuni\u00f3n de \u201cTodos al Agua\u201d en el Sal\u00f3n de Actos y ya ten\u00edamos 80 inscriptos de forma virtual, y no hab\u00eda empezado la reuni\u00f3n; lo mismo en EFI (Educaci\u00f3n F\u00edsica Infantil, de 3 a 6 a\u00f1os), que ya ten\u00edamos 20 inscriptos y las clases reci\u00e9n inician esta semana\u201d.<\/p>\n<p>Por todo ello, es que la funcionaria confirm\u00f3 que \u201cseguimos anotando para las escuelas, tanto virtual como por los canales convencionales, tel\u00e9fono o mail. El fijo de la Oficina de la Direcci\u00f3n de Deportes en el Polideportivo es 52-0461, con atenci\u00f3n de 7 a 16 hs. Se pueden anotar para hacer actividad f\u00edsica a cualquier edad y con la familia\u201d.<\/p>\n<p><strong>A continuaci\u00f3n, se informan las escuelas disponibles con d\u00edas, horarios y sedes:<\/strong><\/p>\n<figure class=\"wp-block-table\">\n<table>\n<tbody>\n<tr>\n<td><strong>Polideportivo\u00a0 Municipal<\/strong> \u2013 Gimnasio principal\u00a0 (Av. 10 N\u00ba 3205 e\/ 63 y 67)<\/td>\n<\/tr>\n<tr>\n<td>Atletismo convencional + 8 a\u00f1os \u2013 A partir lunes 3 abril<\/td>\n<td>Lunes, mi\u00e9rcoles y viernes<\/td>\n<td>16,30 \/17,30 \/18,30 h<\/td>\n<td>Mauro Cabrera \u2013 Juliana Jov\u00e9 \u2013 Sof\u00eda Enciso \u2013 Santiago Cabrera<\/td>\n<\/tr>\n<tr>\n<td>\u00a0Hockey femenino 6 \u00a0a 16 a\u00f1os A partir Martes 7 de Marzo<\/td>\n<td>Martes y jueves<\/td>\n<td>17:30 a 20:30<\/td>\n<td>Liliana Pinchinatti \u00a0Sergio Buencuero<\/td>\n<\/tr>\n<tr>\n<td>Voley mixto \u2013 8 a 15 a\u00f1os A partir Lunes 6 de Marzo<\/td>\n<td>Lunes, mi\u00e9rcoles y viernes<\/td>\n<td>17:30 a 21:00 h<\/td>\n<td>Hugo Fiorentino<\/td>\n<\/tr>\n<tr>\n<td>Maxi-voley femenino A partir Martes 7 de Marzo<\/td>\n<td>Martes<\/td>\n<td>15:45 a 17:00 h<\/td>\n<td>Mariana Repmann<\/td>\n<\/tr>\n<tr>\n<td>Jueves<\/td>\n<td>15:30 a 17:00 h<\/td>\n<\/tr>\n<tr>\n<td>B\u00e1squetbol mixto \u00a07 a 13 a\u00f1os A partir Martes 7 de Marzo<\/td>\n<td>Martes y jueves<\/td>\n<td>18:00 a 21:00 h<\/td>\n<td>Mariano Terry\u00a0 Alejandro Orofino<\/td>\n<\/tr>\n<tr>\n<td>Atletismo inclusivo A partir martes 7 de Marzo<\/td>\n<td>Martes y jueves<\/td>\n<td>15:00 a 17:00 h<\/td>\n<td>Vanesa Granero<\/td>\n<\/tr>\n<tr>\n<td>F\u00fatbol inclusivo (mixto) A partir Martes 7 de Marzo<\/td>\n<td>Martes y jueves<\/td>\n<td>17:00 a 18:00 h<\/td>\n<td>Alejandro Orofino<\/td>\n<\/tr>\n<tr>\n<td><strong>Polideportivo\u00a0 Municipal<\/strong> \u2013\u00a0 <strong>\u00a0SUM 1<\/strong> (acceso principal por Calle 65)<\/td>\n<\/tr>\n<tr>\n<td>Newcom<\/td>\n<td>Lunes, mi\u00e9rcoles y viernes<\/td>\n<td>14:00 a 15:00 h<\/td>\n<td>Leandro Garc\u00eda M\u00f3naco<\/td>\n<\/tr>\n<tr>\n<td>Educaci\u00f3n F\u00edsica Infantil 4 a 6 a\u00f1os A partir Martes 7 de Marzo<\/td>\n<td>Martes y jueves<\/td>\n<td>17:15 a 18:00 h<\/td>\n<td>Vanesa Graneros \u2013 Zulma Pallero \u2013 Lucas \u00c1lvarez<\/td>\n<\/tr>\n<tr>\n<td>Gimnasia art\u00edstica mixto 6 a 12 a\u00f1os A partir Martes 7 de Marzo<\/td>\n<td>Martes y jueves<\/td>\n<td>14:45 a 15:45 h 1er ciclo (6 a 8 a\u00f1os) 15:45 a 16:45 h 2do ciclo (9 a 12 a\u00f1os)<\/td>\n<td>Lucrecia Bonz\u00f3n Marcelo Facal<\/td>\n<\/tr>\n<tr>\n<td><\/td>\n<\/tr>\n<tr>\n<td><strong>Natatorio Palestra <\/strong><strong>\u00a0<\/strong>(55 N\u00ba 2765)<\/td>\n<\/tr>\n<tr>\n<td>Escuela de Nataci\u00f3n Adaptada \u201cTodos al Agua\u201d A partir Lunes 6 de Marzo<\/td>\n<td>Lunes y mi\u00e9rcoles y viernes<\/td>\n<td>9:00 a 11:00 h 15:00 a 17:00 h<\/td>\n<td>Marcos Bertone- Bel\u00e9n Blanco Vanesa Pereyra \u2013 D\u00e9bora D\u00edaz \u2013 Rocio Llorens \u2013 Yamila Balague \u2013 Gonzalo Vilchez \u2013Preceptores: Marcelo Segovia y Maril\u00fa Gargiulo \u2013\u00a0 Guardavidas: David P\u00e9rez<\/td>\n<\/tr>\n<tr>\n<td>Martes y jueves<\/td>\n<td>15:00 a 18:00 h<\/td>\n<\/tr>\n<tr>\n<td><\/td>\n<\/tr>\n<tr>\n<td><strong>Escuela Municipal de Artes<\/strong>\u00a0 (62 e\/ 43 y 45)<\/td>\n<\/tr>\n<tr>\n<td>Caminatas A partir del Martes 7 de Marzo<\/td>\n<td>Martes y jueves<\/td>\n<td>14:00 h<\/td>\n<td>Adriana Lucifora<\/td>\n<\/tr>\n<tr>\n<td><strong>Centro de\u00a0 Jubilados\u00a0 Barrio\u00a0 Sur<\/strong>\u00a0 (71\u00a0 N\u00ba 2158)<\/td>\n<\/tr>\n<tr>\n<td>Educaci\u00f3n f\u00edsica adultos<\/td>\n<td>Lunes, mi\u00e9rcoles y viernes<\/td>\n<td>9:30 a 10:30 h<\/td>\n<td>Prof. Pablo Gonzalo Vilches<\/td>\n<\/tr>\n<tr>\n<td><strong>Centro de Salud Barrio 9 de Julio<\/strong>\u00a0 (77 Y 102 Bis)<\/td>\n<\/tr>\n<tr>\n<td>gimnasia adultos A partir del Martes 7 de Marzo<\/td>\n<td>Martes y Jueves<\/td>\n<td>16:00 a 17:00 h<\/td>\n<td>Adriana Lucifora<\/td>\n<\/tr>\n<tr>\n<td><strong>Centro de\u00a0 Jubilados\u00a0 Barrio\u00a0 Oeste<\/strong>\u00a0 (65 y 76)<\/td>\n<\/tr>\n<tr>\n<td>Actividades para adultos mayores A partir del S\u00e1bado 11 de Marzo<\/td>\n<td>S\u00e1bados<\/td>\n<td>09:00 a 10:20 h Caminatas 10:30 a 11:50 h Recreaci\u00f3n y Act. F\u00edsica<\/td>\n<td>Prof. Vanesa<\/td>\n<\/tr>\n<tr>\n<td><\/td>\n<\/tr>\n<tr>\n<td><\/td>\n<\/tr>\n<tr>\n<td>Para-canotaje Canotaje Iniciaci\u00f3n al slalom<\/td>\n<td>A PARTIR DE ABRIL<\/td>\n<td>HORARIOS A CONFIRMAR<\/td>\n<td>Javier Tr\u00edpano \u2013 Mart\u00edn Tr\u00edpano<\/td>\n<\/tr>\n<tr>\n<td><strong>E.P.\u00a0 N\u00b0\u00a0 10<\/strong>\u00a0\u00a0 (Av. 59\u00a0 N\u00ba 3953)<\/td>\n<\/tr>\n<tr>\n<td>Multi-deportes<\/td>\n<td>Lunes, mi\u00e9rcoles y viernes<\/td>\n<td>17:00\u00a0 a 19:00 h (6 a 12 a\u00f1os)<\/td>\n<td>D\u00e9bora Siri \u2013\u00a0 Zulma Pallero \u2013 Vanesa Graneros<\/td>\n<\/tr>\n<tr>\n<td><strong>E.E.S. N\u00b0 5 <\/strong>\u00a0(102 y 77 Bis)<\/td>\n<\/tr>\n<tr>\n<td>B\u00e1squetbol + 12 a\u00f1os<\/td>\n<td>A CONFIRMAR<\/td>\n<td>A CONFIRMAR<\/td>\n<td>Mauro Mazzucchelli<\/td>\n<\/tr>\n<tr>\n<td><strong>Club Del Valle <\/strong><strong>\u00a0<\/strong>(Ruta 86 Y 66)<\/td>\n<\/tr>\n<tr>\n<td>Tenis 8 a 12 a\u00f1os A partir Jueves 2 de Marzo<\/td>\n<td>Martes y jueves<\/td>\n<td>10 a 11 h 16 a 17:30 h<\/td>\n<td>Silvina Mart\u00ednez<\/td>\n<\/tr>\n<\/tbody>\n<\/table>\n<\/figure>\n","protected":false},"excerpt":{"rendered":"<p>En los estudios de \u201cVoces de la Ciudad\u201d, la directora de Deportes, Guadalupe Hern\u00e1ndez, manifest\u00f3 que \u201cel a\u00f1o pasado cerramos diciembre con casi 900 personas haciendo actividad f\u00edsica en dependencia de la Direcci\u00f3n de Deportes, y este a\u00f1o apuntamos a superar esa cifra, y eso se supera ampliando la oferta y descentralizando la actividad. Amamos [&hellip;]<\/p>\n","protected":false},"author":3,"featured_media":82804,"comment_status":"closed","ping_status":"closed","sticky":false,"template":"","format":"standard","meta":{"footnotes":""},"categories":[3],"tags":[],"class_list":["post-98140","post","type-post","status-publish","format-standard","has-post-thumbnail","category-masnoticias"],"_links":{"self":[{"href":"https:\/\/primicias2262.com\/noticias\/wp-json\/wp\/v2\/posts\/98140","targetHints":{"allow":["GET"]}}],"collection":[{"href":"https:\/\/primicias2262.com\/noticias\/wp-json\/wp\/v2\/posts"}],"about":[{"href":"https:\/\/primicias2262.com\/noticias\/wp-json\/wp\/v2\/types\/post"}],"author":[{"embeddable":true,"href":"https:\/\/primicias2262.com\/noticias\/wp-json\/wp\/v2\/users\/3"}],"replies":[{"embeddable":true,"href":"https:\/\/primicias2262.com\/noticias\/wp-json\/wp\/v2\/comments?post=98140"}],"version-history":[{"count":0,"href":"https:\/\/primicias2262.com\/noticias\/wp-json\/wp\/v2\/posts\/98140\/revisions"}],"wp:attachment":[{"href":"https:\/\/primicias2262.com\/noticias\/wp-json\/wp\/v2\/media?parent=98140"}],"wp:term":[{"taxonomy":"category","embeddable":true,"href":"https:\/\/primicias2262.com\/noticias\/wp-json\/wp\/v2\/categories?post=98140"},{"taxonomy":"post_tag","embeddable":true,"href":"https:\/\/primicias2262.com\/noticias\/wp-json\/wp\/v2\/tags?post=98140"}],"curies":[{"name":"wp","href":"https:\/\/api.w.org\/{rel}","templated":true}]}}