{"id":98146,"date":"2023-03-07T14:48:24","date_gmt":"2023-03-07T17:48:24","guid":{"rendered":"https:\/\/primicias2262.com\/?p=98146"},"modified":"2023-03-07T14:48:24","modified_gmt":"2023-03-07T17:48:24","slug":"envion-rematriculara-a-sus-participantes-hasta-este-viernes-10-de-marzo","status":"publish","type":"post","link":"https:\/\/primicias2262.com\/noticias\/envion-rematriculara-a-sus-participantes-hasta-este-viernes-10-de-marzo\/","title":{"rendered":"Envi\u00f3n rematricular\u00e1 a sus participantes hasta este viernes 10 de marzo"},"content":{"rendered":"<p><strong>En este tiempo, el equipo t\u00e9cnico realizar\u00e1 entrevistas personales y familiares para poder indagar sobre intereses y hacer el correspondiente seguimiento educativo. Una vez finalizada esta instancia dirigida a quienes ya formaron parte del programa el a\u00f1o pasado, se abrir\u00e1n las inscripciones generales.<\/strong><\/p>\n<p>El programa Envi\u00f3n, que en el distrito de Necochea articula la Secretar\u00eda de Desarrollo Humano y Pol\u00edticas Sociales municipal, abri\u00f3 el per\u00edodo de rematriculaci\u00f3n para las y los j\u00f3venes interesados en asistir en este 2023 a las actividades que se brindan desde el espacio.<\/p>\n<p>Hasta el pr\u00f3ximo viernes 10 de marzo, el equipo t\u00e9cnico estar\u00e1 realizando las entrevistas a las y los adolescentes que quieran ser parte, y a sus familias, para poder indagar en los intereses de cada quien y hacer el correspondiente seguimiento educativo.<\/p>\n<p>Desde el \u00e1rea de la comuna que encabeza Sandra Antenucci explicaron que este proceso \u201cpermite tener una evaluaci\u00f3n detallada para saber por d\u00f3nde comenzar a trabajar y en qu\u00e9 puntos hacer mayor foco\u201d.<\/p>\n\n<p>Los horarios de reinscripci\u00f3n son dos: uno matutino, entre las 8 y las 12, y otro vespertino, de 13 a 16; mientras que el lugar para realizarla es en la propia sede del programa, en la esquina de calles 574 y 545, en la ciudad de Quequ\u00e9n.<\/p>\n<p>Una vez finalizada esta instancia previa, que est\u00e1 dirigida a las personas que ya formaron parte del programa el a\u00f1o pasado, Envi\u00f3n abrir\u00e1 las inscripciones para incorporar nuevos j\u00f3venes, inform\u00f3 el equipo t\u00e9cnico.<\/p>\n<p>Los talleres que se brindar\u00e1n durante este nuevo ciclo ser\u00e1n los de Cer\u00e1mica, Dibujo, Historieta, Karate, Ciudadan\u00eda Digital, Construcciones Tridimensionales, Participaci\u00f3n Barrial, Escultura y Podcast; dando inicio a las actividades el pr\u00f3ximo lunes 13 de marzo. Adem\u00e1s, habr\u00e1 talleres de formaci\u00f3n profesional, como el de Peluquer\u00eda o el de Maquillaje Art\u00edstico, que comenzar\u00e1 a dictarse pr\u00f3ximamente.<\/p>\n<p>Por \u00faltimo, desde la Secretar\u00eda recordaron que el \u201cPrograma de Responsabilidad Social Compartida Envi\u00f3n\u201d est\u00e1 orientado a lograr la inclusi\u00f3n socioecon\u00f3mica, pol\u00edtica y cultural de j\u00f3venes de entre 12 y 21 a\u00f1os que se encuentren en situaci\u00f3n de vulnerabilidad social, y pensado desde una perspectiva integral de derechos.<\/p>\n","protected":false},"excerpt":{"rendered":"<p>En este tiempo, el equipo t\u00e9cnico realizar\u00e1 entrevistas personales y familiares para poder indagar sobre intereses y hacer el correspondiente seguimiento educativo. Una vez finalizada esta instancia dirigida a quienes ya formaron parte del programa el a\u00f1o pasado, se abrir\u00e1n las inscripciones generales. El programa Envi\u00f3n, que en el distrito de Necochea articula la Secretar\u00eda [&hellip;]<\/p>\n","protected":false},"author":3,"featured_media":98150,"comment_status":"closed","ping_status":"closed","sticky":false,"template":"","format":"standard","meta":{"footnotes":""},"categories":[3],"tags":[],"class_list":["post-98146","post","type-post","status-publish","format-standard","has-post-thumbnail","category-masnoticias"],"_links":{"self":[{"href":"https:\/\/primicias2262.com\/noticias\/wp-json\/wp\/v2\/posts\/98146","targetHints":{"allow":["GET"]}}],"collection":[{"href":"https:\/\/primicias2262.com\/noticias\/wp-json\/wp\/v2\/posts"}],"about":[{"href":"https:\/\/primicias2262.com\/noticias\/wp-json\/wp\/v2\/types\/post"}],"author":[{"embeddable":true,"href":"https:\/\/primicias2262.com\/noticias\/wp-json\/wp\/v2\/users\/3"}],"replies":[{"embeddable":true,"href":"https:\/\/primicias2262.com\/noticias\/wp-json\/wp\/v2\/comments?post=98146"}],"version-history":[{"count":0,"href":"https:\/\/primicias2262.com\/noticias\/wp-json\/wp\/v2\/posts\/98146\/revisions"}],"wp:attachment":[{"href":"https:\/\/primicias2262.com\/noticias\/wp-json\/wp\/v2\/media?parent=98146"}],"wp:term":[{"taxonomy":"category","embeddable":true,"href":"https:\/\/primicias2262.com\/noticias\/wp-json\/wp\/v2\/categories?post=98146"},{"taxonomy":"post_tag","embeddable":true,"href":"https:\/\/primicias2262.com\/noticias\/wp-json\/wp\/v2\/tags?post=98146"}],"curies":[{"name":"wp","href":"https:\/\/api.w.org\/{rel}","templated":true}]}}