{"id":98152,"date":"2023-03-08T09:38:34","date_gmt":"2023-03-08T12:38:34","guid":{"rendered":"https:\/\/primicias2262.com\/?p=98152"},"modified":"2023-03-08T09:38:34","modified_gmt":"2023-03-08T12:38:34","slug":"cardenau-tradujo-la-crisis-agropecuaria-en-numeros-y-afirmo-que-es-un-desastre","status":"publish","type":"post","link":"https:\/\/primicias2262.com\/noticias\/cardenau-tradujo-la-crisis-agropecuaria-en-numeros-y-afirmo-que-es-un-desastre\/","title":{"rendered":"Cardenau tradujo la crisis agropecuaria en n\u00fameros y afirm\u00f3 que \u201ces un desastre\u201d"},"content":{"rendered":"<p><strong>El dirigente de la Sociedad Rural de Necochea, Eugenio Cardenau, diaolog\u00f3 en una nota v\u00eda telef\u00f3nica con el periodista Jorge G\u00f3mez para \u201cVoces de la Ciudad\u201d, y en el marco del pedido de Emergencia Agropecuaria ante el gobierno provincial inform\u00f3 datos muy por debajo de lo que suele verse en cada temporada, fundamentalmente la cosecha fina, ya que la gruesa viene con un aire mejor para esta zona.<\/strong><\/p>\n<p>Primeramente, Cardenau se\u00f1al\u00f3 que \u201cel tema del pedido de la emergencia por la sequ\u00eda que afect\u00f3 la cosecha fina ya est\u00e1 encaminado, se solicit\u00f3 con todos los pasos burocr\u00e1ticos y creo que hay que diferenciar en esta zona lo que es justamente la cosecha fina y la ganader\u00eda por un lado, de lo que es gruesa\u201d.<\/p>\n<p>En cuanto a la fina, que es trigo y cebada, y se cosech\u00f3 a fines de diciembre, \u201cen toda la zona hubo un quebranto con niveles de rinde que no llegaron al 50% de los promedios, con lo cual fue realmente un desastre\u201d, se\u00f1al\u00f3, salvo casos puntuales con algunos lotes que estuvieron un poco mejor, pero \u201cpor lo general estuvimos muy afectados por la sequ\u00eda y las heladas y la cosecha fue muy mala\u201d, acot\u00f3.<\/p>\n<p>Por lo tanto, Cardenau puntualiz\u00f3 que lotes que normalmente producen entre 4000 \u00a0y 6000 kilos de cebada de acuerdo a las zonas, en esta campa\u00f1a fueron de 1500, 1800 o 2000, e incluso, \u201calgunos no dieron nada en el caso de afectaci\u00f3n por helada\u201d, mientras que la ganader\u00eda sufri\u00f3 y sigue sufriendo, \u201cporque si bien tuvimos mejoras en las lluvias en nuestra zona, como se dice en el campo, no llueve pasto y es muy dif\u00edcil de recomponer todo el tema, y en el caso de la ganader\u00eda se va a ver m\u00e1s reflejado en un proceso m\u00e1s largo reci\u00e9n en la producci\u00f3n del a\u00f1o que viene, ya que toda la \u00e9poca que se llama de servicio fue mala para las vacas\u201d, argument\u00f3.<\/p>\n<p><a href=\"https:\/\/primicias2262.com\/wp-content\/uploads\/2023\/03\/FOTO-Eugeno-Cardenau.jpeg\"><img loading=\"lazy\" decoding=\"async\" class=\"alignleft size-medium wp-image-98154\" src=\"https:\/\/primicias2262.com\/wp-content\/uploads\/2023\/03\/FOTO-Eugeno-Cardenau-300x200.jpeg\" alt=\"\" width=\"300\" height=\"200\" \/><\/a>En lo que respecta a la cosecha gruesa, que es girasol, ma\u00edz y soja, con una mirada m\u00e1s optimista Cardenau manifest\u00f3 que \u201cen nuestro partido es un poco diferente porque a partir de los primeros d\u00edas de enero en la zona empez\u00f3 a llover de manera dispar, pero en l\u00edneas generales hay una diferencia y reci\u00e9n ahora empieza la cosecha de los primeros rindes. El girasol empieza a cosecharse en estos d\u00edas, m\u00e1s adelante la soja y m\u00e1s adelante el ma\u00edz\u2026 no va a ser una cosecha r\u00e9cord ni mucho menos, pero por lo menos habr\u00e1 cosecha en l\u00edneas generales\u201d.<\/p>\n<p>De cara al ma\u00edz, que no vendr\u00eda tan bien, el dirigente de la Sociedad Rural marc\u00f3 una excepci\u00f3n: \u201cPara cada productor depende mucho las fechas de siembra, hay algunos que sembraron m\u00e1s tarde y generalmente las siembras m\u00e1s tard\u00edas tienen rendimientos menores porque no son las fechas \u00f3ptimas de siembra, pero en este a\u00f1o como se retrasaron las lluvias al final el que sembr\u00f3 m\u00e1s tarde es al que mejor le va ir. Hubo diversidad de decisiones en ese sentido y seguramente haya algunos m\u00e1s perjudicados por la siembra temprana, pero en l\u00edneas generales el panorama es diferente a lo que fue la cosecha fina\u201d.<\/p>\n<p>A la hora de hablar de n\u00fameros en dinero, se especula con una ca\u00edda de ingresos en d\u00f3lares para este a\u00f1o en el pa\u00eds por la crisis agropecuaria con una p\u00e9rdida que rondar\u00eda los 20 mil millones de d\u00f3lares, y acerca de ello, Cardenau precis\u00f3 que \u201cen volumen, de una expectativa de cerca de 50 millones de toneladas o 55 de ma\u00edz, van a terminar siendo menos de 40; y ser\u00e1n unas 30 o 32 para la soja. Mientras que para el trigo se esperaban cerca de 20 millones de toneladas y se cosecharon 12 o 13, es decir, es un 39% de p\u00e9rdida respecto de lo que se preve\u00eda en d\u00f3lares y se habla de alrededor de 20 mil millones\u201d.<\/p>\n<p>Por consiguiente, Eugenio afirm\u00f3 que \u201cla verdad es que es un desastre, porque hablando en n\u00fameros absolutos, una campa\u00f1a que se preve\u00eda en sus cinco principales cultivos, soja, ma\u00edz, girasol, trigo y cebada, de unos 130 millones de toneladas, en realidad y no vamos a llegar a las 90 toneladas, lo que representa m\u00e1s de un 30% de p\u00e9rdidas, con el efecto que tiene tanto en el productor como en general\u201d.<\/p>\n<p>\u201cAl menos, en Necochea va a haber algo de gruesa y dentro de lo que es el contexto eso es un notici\u00f3n, pero realmente hay zonas donde la seca persiste y la cosecha est\u00e1 jugada y ha sido un desastre, tanto la fina como la gruesa\u2026 uno ve las im\u00e1genes de lo que son los cultivos y es tremendo, encima con un agravante que parece mentira, que hace pocos d\u00edas, el 17 de febrero, hubo una helada en gran parte de la zona\u201d, agreg\u00f3.<\/p>\n<p>Finalmente, Cardenau asever\u00f3 que \u201cel panorama es bastante complicado y es lo que hay, pero el productor va a seguir apostando y trabajando de la manera que pueda, aunque va a ser dur\u00edsimo en todas las regiones y se va a ver en toda la econom\u00eda, porque a diferencia de lo que se dice, que el productor agropecuario se lleva el dinero afuera, la realidad es que el productor agropecuario en general es el primero que invierte hacia alrededor y en su medio, y la mayor\u00eda de los productores est\u00e1n en las comunidades, en los pueblos y a lo largo de todo el pa\u00eds, entonces creo que va a ser un a\u00f1o bastante bravo mezclado con la cuesti\u00f3n pol\u00edtica, que tampoco ayuda mucho\u201d.<\/p>\n","protected":false},"excerpt":{"rendered":"<p>El dirigente de la Sociedad Rural de Necochea, Eugenio Cardenau, diaolog\u00f3 en una nota v\u00eda telef\u00f3nica con el periodista Jorge G\u00f3mez para \u201cVoces de la Ciudad\u201d, y en el marco del pedido de Emergencia Agropecuaria ante el gobierno provincial inform\u00f3 datos muy por debajo de lo que suele verse en cada temporada, fundamentalmente la cosecha [&hellip;]<\/p>\n","protected":false},"author":3,"featured_media":98153,"comment_status":"closed","ping_status":"closed","sticky":false,"template":"","format":"standard","meta":{"footnotes":""},"categories":[3],"tags":[],"class_list":["post-98152","post","type-post","status-publish","format-standard","has-post-thumbnail","category-masnoticias"],"_links":{"self":[{"href":"https:\/\/primicias2262.com\/noticias\/wp-json\/wp\/v2\/posts\/98152","targetHints":{"allow":["GET"]}}],"collection":[{"href":"https:\/\/primicias2262.com\/noticias\/wp-json\/wp\/v2\/posts"}],"about":[{"href":"https:\/\/primicias2262.com\/noticias\/wp-json\/wp\/v2\/types\/post"}],"author":[{"embeddable":true,"href":"https:\/\/primicias2262.com\/noticias\/wp-json\/wp\/v2\/users\/3"}],"replies":[{"embeddable":true,"href":"https:\/\/primicias2262.com\/noticias\/wp-json\/wp\/v2\/comments?post=98152"}],"version-history":[{"count":0,"href":"https:\/\/primicias2262.com\/noticias\/wp-json\/wp\/v2\/posts\/98152\/revisions"}],"wp:attachment":[{"href":"https:\/\/primicias2262.com\/noticias\/wp-json\/wp\/v2\/media?parent=98152"}],"wp:term":[{"taxonomy":"category","embeddable":true,"href":"https:\/\/primicias2262.com\/noticias\/wp-json\/wp\/v2\/categories?post=98152"},{"taxonomy":"post_tag","embeddable":true,"href":"https:\/\/primicias2262.com\/noticias\/wp-json\/wp\/v2\/tags?post=98152"}],"curies":[{"name":"wp","href":"https:\/\/api.w.org\/{rel}","templated":true}]}}