{"id":98173,"date":"2023-03-08T08:24:31","date_gmt":"2023-03-08T11:24:31","guid":{"rendered":"https:\/\/primicias2262.com\/?p=98173"},"modified":"2023-03-08T08:24:31","modified_gmt":"2023-03-08T11:24:31","slug":"avanza-a-buen-ritmo-la-obra-en-el-barrio-los-alamos","status":"publish","type":"post","link":"https:\/\/primicias2262.com\/noticias\/avanza-a-buen-ritmo-la-obra-en-el-barrio-los-alamos\/","title":{"rendered":"Avanza a buen ritmo la obra en el Barrio Los \u00c1lamos"},"content":{"rendered":"<p><strong>Desde el Movimiento Evita Necochea, sus responsables Roc\u00edo Mateo y Luciano Lescano informan a la comunidad que contin\u00faa a buen ritmo la obra de integraci\u00f3n urbana del Barrio Los \u00c1lamos.<\/strong><\/p>\n<p>La responsable social, Roc\u00edo Mateo se\u00f1al\u00f3 que durante el primer mes de obra a cargo de la Cooperativa de Trabajo 26 de Julio, se ha totalizado un 17% de la misma con trabajo de calidad para los vecinos y vecinas. Se realiza una obra de conexiones intradomiciliarias de agua y electricidad, red peatonal (veredas), arbolado p\u00fablico y equipamiento urbano como basurines comunitarios.<\/p>\n<p>En el lugar se encuentran trabajando 15 trabajadores y trabajadoras, adem\u00e1s de una cuadrilla de trabajadoras sociocomunitarias de RENABAP encargadas de charlar con los vecinos, concientizar sobre el cuidado del barrio y realizar tareas de limpieza de terrenos bald\u00edos.<\/p>\n<p>La inversi\u00f3n en la obra asciende a unos 88 millones de pesos, financiada por el gobierno nacional a cargo de la Secretar\u00eda de Integraci\u00f3n Socio Urbana, y es la concreci\u00f3n de una larga lucha de los movimientos populares por mejorar las condiciones de vida de argentinos y argentinas en miles de barrios populares en todo el pa\u00eds.<\/p>\n<p>\u00abEn 2016 los j\u00f3venes del Movimiento Evita desarrollaron un relevamiento casa por casa, luego tuvimos la ley en 2018 y ahora con el gobierno de Alberto Fern\u00e1ndez lleg\u00f3 el financiamiento. Un c\u00edrculo virtuoso, entre trabajadores de la econom\u00eda popular que acceden a salarios dignos, la inversi\u00f3n estatal y la participaci\u00f3n de los vecinos y vecinas del barrio que son parte y realizan el control de la obra\u00bb, expres\u00f3 Luciano Lescano, quien adem\u00e1s anunci\u00f3 que las siguientes semanas llegar\u00e1n funcionarios del \u00e1rea para realizar la presentaci\u00f3n de la obra a toda ciudadan\u00eda.<\/p>\n","protected":false},"excerpt":{"rendered":"<p>Desde el Movimiento Evita Necochea, sus responsables Roc\u00edo Mateo y Luciano Lescano informan a la comunidad que contin\u00faa a buen ritmo la obra de integraci\u00f3n urbana del Barrio Los \u00c1lamos. La responsable social, Roc\u00edo Mateo se\u00f1al\u00f3 que durante el primer mes de obra a cargo de la Cooperativa de Trabajo 26 de Julio, se ha [&hellip;]<\/p>\n","protected":false},"author":3,"featured_media":98174,"comment_status":"closed","ping_status":"closed","sticky":false,"template":"","format":"standard","meta":{"footnotes":""},"categories":[3],"tags":[],"class_list":["post-98173","post","type-post","status-publish","format-standard","has-post-thumbnail","category-masnoticias"],"_links":{"self":[{"href":"https:\/\/primicias2262.com\/noticias\/wp-json\/wp\/v2\/posts\/98173","targetHints":{"allow":["GET"]}}],"collection":[{"href":"https:\/\/primicias2262.com\/noticias\/wp-json\/wp\/v2\/posts"}],"about":[{"href":"https:\/\/primicias2262.com\/noticias\/wp-json\/wp\/v2\/types\/post"}],"author":[{"embeddable":true,"href":"https:\/\/primicias2262.com\/noticias\/wp-json\/wp\/v2\/users\/3"}],"replies":[{"embeddable":true,"href":"https:\/\/primicias2262.com\/noticias\/wp-json\/wp\/v2\/comments?post=98173"}],"version-history":[{"count":0,"href":"https:\/\/primicias2262.com\/noticias\/wp-json\/wp\/v2\/posts\/98173\/revisions"}],"wp:attachment":[{"href":"https:\/\/primicias2262.com\/noticias\/wp-json\/wp\/v2\/media?parent=98173"}],"wp:term":[{"taxonomy":"category","embeddable":true,"href":"https:\/\/primicias2262.com\/noticias\/wp-json\/wp\/v2\/categories?post=98173"},{"taxonomy":"post_tag","embeddable":true,"href":"https:\/\/primicias2262.com\/noticias\/wp-json\/wp\/v2\/tags?post=98173"}],"curies":[{"name":"wp","href":"https:\/\/api.w.org\/{rel}","templated":true}]}}