{"id":98177,"date":"2023-03-08T11:32:27","date_gmt":"2023-03-08T14:32:27","guid":{"rendered":"https:\/\/primicias2262.com\/?p=98177"},"modified":"2023-03-08T11:32:27","modified_gmt":"2023-03-08T14:32:27","slug":"ricardo-possenti-entre-lagrimas-de-emocion-no-sabia-nada-que-me-daban-este-regalo","status":"publish","type":"post","link":"https:\/\/primicias2262.com\/noticias\/ricardo-possenti-entre-lagrimas-de-emocion-no-sabia-nada-que-me-daban-este-regalo\/","title":{"rendered":"Ricardo Possenti, entre l\u00e1grimas de emoci\u00f3n: \u201cNo sab\u00eda nada que me daban este regalo\u201d"},"content":{"rendered":"<p><strong>El conocido utilero y masajista del Club Mataderos, Ricardo \u201cGata\u201d Possenti, fue homenajeado por el Consejo Directivo de la Liga Necochea de F\u00fatbol al denominar con su nombre el campeonato de este a\u00f1o, que comenzar\u00e1 el pr\u00f3ximo 18 de marzo. En los estudios de \u201cVoces de la Ciudad\u201d, quien habita las canchas del f\u00fatbol local hace 53 a\u00f1os dijo sentirse sorprendido.<\/strong><\/p>\n<p>En un ameno di\u00e1logo con el periodista Jorge G\u00f3mez, un hombre de emoci\u00f3n al alcance de la mano como es Possenti asegur\u00f3 entre l\u00e1grimas que \u201cno sab\u00eda nada del homenaje, voy siempre los martes a la reuni\u00f3n de la Liga porque me gusta estar en el Consejo escuchando, y estoy contento, no sab\u00eda nada que me daban este regalo, es un regalo de la vida, ahora en el f\u00fatbol cumplo 53 a\u00f1os en cancha\u201d.<\/p>\n<p>De esos 53 a\u00f1os, la \u201cGata\u201d hace 30 que est\u00e1 en Mataderos. \u201cEn verdad yo soy hincha de Hurac\u00e1n, pero trabajo para el Club Mataderos, que me dio todo, ah\u00ed me llev\u00f3 Carlos Ferrari en 1984\u201d, aclar\u00f3 quien actualmente tiene 62 a\u00f1os y est\u00e1 en el mundo de la pelota desde que era un ni\u00f1o de 10 a\u00f1os.<\/p>\n<p>Rememor\u00f3 en ese sentido que \u201cen el a\u00f1o \u201970, con 10 a\u00f1os empec\u00e9 en el Club Boca de la avenida 58, que es mi barrio, viv\u00eda en 56 y 67 a mitad de cuadra, y empec\u00e9 con un t\u00edo m\u00edo, Pizarro, a jugar al Babi, hasta el 89 estuve ah\u00ed y despu\u00e9s arranqu\u00e9 como utilero a los 20 a\u00f1os en el mismo Club Boca, y despu\u00e9s me fui a Hurac\u00e1n, Gimnasia y Del Valle, siempre como utilero y masajista\u201d. Tambi\u00e9n ha trabajado en Estaci\u00f3n Quequ\u00e9n, Defensores de Juan N. Fern\u00e1ndez y es un hist\u00f3rico de las selecciones juveniles de la Liga Necochea desde hace 39 a\u00f1os. \u201cToda la geete me dice Gata, hasta los chicos y mis hijos, y a m\u00ed me gusta\u201d, se\u00f1al\u00f3.<\/p>\n<p>Al ser consultado sobre su tarea, explic\u00f3 Ricardo que \u201cel utilero se ocupa de doblar la ropa en casa, en un bolso del n\u00famero 1 al 18, en mi caso lo llevo a la cancha y lo pongo arriba de la camilla ordenado y hago ese trabajo. Tambi\u00e9n el botiqu\u00edn con el aerosol y todos los elementos. En la semana junto las camisetas que llegan del lavadero\u201d.<\/p>\n<p>Respecto a su otro rol, cont\u00f3 que \u201cyo hac\u00eda utiler\u00eda y a los 20 a\u00f1os Cardozo en Boca me dijo que aprendiera a masajear, que es estirar los pies antes de empezar los partidos. Los jueves hacemos masajes con jab\u00f3n blanco y agua caliente, y el domingo se aplica el aceite verde\u201d, puntualiz\u00f3.<\/p>\n<p>A la hora de mencionar amigos del f\u00fatbol, Possenti record\u00f3 apellidos ilustres que lo ayudaron en sus comienzos como Jossi, Leppe o Alonso; record\u00f3 con cari\u00f1o al querido \u201cGordo\u201d Ra\u00fal Ugarte, formador de juveniles y de aquella generaci\u00f3n maravillosa del \u201980 que logr\u00f3 el ascenso al Nacional con Estaci\u00f3n Quequ\u00e9n; y al dirigente por excelencia que tuvo la Liga en su historia, Emilio Jeder Resuene; adem\u00e1s de grandes amigos que a\u00fan conserva como Abel Coria, Julio Portugal o Carlos Lizaso.<\/p>\n<p>Actualmente, la \u201cGata\u201d Possenti es jubilado de la Municipalidad y sigue como utilero de Mataderos. \u201cA veces uno no se da cuenta de que pasan los a\u00f1os, es algo fuerte. Rosa, mi esposa, me acompa\u00f1a siempre a la cancha, tenemos cinco hijos y siete nietas, todas mujeres. El f\u00fatbol me ha dado muchas cosas, si me falta el f\u00fatbol me falta todo\u201d, y consultado sobre qu\u00e9 hace en verano cuando no hay f\u00fatbol, cerr\u00f3 entre risas que \u201cla llevo a mi se\u00f1ora a la playa\u201d.<\/p>\n","protected":false},"excerpt":{"rendered":"<p>El conocido utilero y masajista del Club Mataderos, Ricardo \u201cGata\u201d Possenti, fue homenajeado por el Consejo Directivo de la Liga Necochea de F\u00fatbol al denominar con su nombre el campeonato de este a\u00f1o, que comenzar\u00e1 el pr\u00f3ximo 18 de marzo. En los estudios de \u201cVoces de la Ciudad\u201d, quien habita las canchas del f\u00fatbol local [&hellip;]<\/p>\n","protected":false},"author":3,"featured_media":98160,"comment_status":"closed","ping_status":"closed","sticky":false,"template":"","format":"standard","meta":{"footnotes":""},"categories":[3],"tags":[],"class_list":["post-98177","post","type-post","status-publish","format-standard","has-post-thumbnail","category-masnoticias"],"_links":{"self":[{"href":"https:\/\/primicias2262.com\/noticias\/wp-json\/wp\/v2\/posts\/98177","targetHints":{"allow":["GET"]}}],"collection":[{"href":"https:\/\/primicias2262.com\/noticias\/wp-json\/wp\/v2\/posts"}],"about":[{"href":"https:\/\/primicias2262.com\/noticias\/wp-json\/wp\/v2\/types\/post"}],"author":[{"embeddable":true,"href":"https:\/\/primicias2262.com\/noticias\/wp-json\/wp\/v2\/users\/3"}],"replies":[{"embeddable":true,"href":"https:\/\/primicias2262.com\/noticias\/wp-json\/wp\/v2\/comments?post=98177"}],"version-history":[{"count":0,"href":"https:\/\/primicias2262.com\/noticias\/wp-json\/wp\/v2\/posts\/98177\/revisions"}],"wp:attachment":[{"href":"https:\/\/primicias2262.com\/noticias\/wp-json\/wp\/v2\/media?parent=98177"}],"wp:term":[{"taxonomy":"category","embeddable":true,"href":"https:\/\/primicias2262.com\/noticias\/wp-json\/wp\/v2\/categories?post=98177"},{"taxonomy":"post_tag","embeddable":true,"href":"https:\/\/primicias2262.com\/noticias\/wp-json\/wp\/v2\/tags?post=98177"}],"curies":[{"name":"wp","href":"https:\/\/api.w.org\/{rel}","templated":true}]}}