{"id":98185,"date":"2023-03-10T10:30:58","date_gmt":"2023-03-10T13:30:58","guid":{"rendered":"https:\/\/primicias2262.com\/?p=98185"},"modified":"2023-03-10T10:30:58","modified_gmt":"2023-03-10T13:30:58","slug":"obras-inconclusas-en-quequen-ven-mas-viable-la-terminacion-del-sum-que-el-asfalto-de-la-531","status":"publish","type":"post","link":"https:\/\/primicias2262.com\/noticias\/obras-inconclusas-en-quequen-ven-mas-viable-la-terminacion-del-sum-que-el-asfalto-de-la-531\/","title":{"rendered":"Obras inconclusas en Quequ\u00e9n: ven m\u00e1s viable la terminaci\u00f3n del SUM que el asfalto de la 531"},"content":{"rendered":"<p><strong>En di\u00e1logo telef\u00f3nico con \u201cVoces de la Ciudad\u201d, el secretario de Planeamiento, Obras y Servicios P\u00fablicos, Adri\u00e1n Furno, fue consultado por el periodista Jorge G\u00f3mez acerca de una visita a Quequ\u00e9n por parte de un equipo t\u00e9cnico de Provincia en el marco de las obras inconclusas del Fondo de Infraestructura Municipal, en la que expres\u00f3 que es factible que el proyecto del natatorio se reconvierta en un SUM, pero que no ser\u00e1 tan f\u00e1cil culminar el asfalto de la Av. 531.<\/strong><\/p>\n<p>Respecto al natatorio inconcluso en 521 entre 558 y 560, enfrente a la Plaza Hip\u00f3lito Yrigoyen, asegur\u00f3 el funcionario que \u201cvino gente de Provincia para observar y recorrer el predio y es factible que se destrabe, la idea es hacer una licitaci\u00f3n para hacer la terminaci\u00f3n\u201d, aclarando a la pasada que un tema administrativo imped\u00eda avanzar con hacer algo en el lugar y la idea es hacer un Polideportivo, mediante un SUM para la barriada del lugar, y al venir gente de Provincia el expediente se mueve y dan consentimiento para avanzar en un proyecto distinto.<\/p>\n<p>El secretario narr\u00f3 que \u201chace un a\u00f1o que estamos yendo a Provincia por distintos temas del Fondo de Infraestructura Municipal (FIM), y la intenci\u00f3n del Intendente era destrabar uno de los temas, que era este, una de las obras emblem\u00e1ticas que est\u00e1 sin ejecutar, junto con la terminaci\u00f3n de la Av. 531\u201d.<\/p>\n<p><a href=\"https:\/\/primicias2262.com\/wp-content\/uploads\/2022\/12\/Adrian-Furno.jpg\"><img loading=\"lazy\" decoding=\"async\" class=\"alignleft size-medium wp-image-96300\" src=\"https:\/\/primicias2262.com\/wp-content\/uploads\/2022\/12\/Adrian-Furno-300x225.jpg\" alt=\"\" width=\"300\" height=\"225\" \/><\/a>\u201cArturo (Rojas) nos hab\u00eda encomendado esto durante todo el a\u00f1o y nosotros hemos estado con estos equipos t\u00e9cnicos reuni\u00e9ndonos en La Plata, hemos llevado informes y les pedimos por favor que vinieran ellos a hacer el relevamiento para que vieran que estaba ejecutado como para poder nivelar lo que ellos hab\u00edan entregado como fondo en su momento con lo ejecutado en obra. No es normal que estos equipos t\u00e9cnicos vengan de La Plata y ellos viajaron\u201d, agreg\u00f3.<\/p>\n<p>Seguidamente, Furno asegur\u00f3 que all\u00ed \u201clo que se puede hacer a futuro, que es la intenci\u00f3n del Intendente, es la terminaci\u00f3n y un Sal\u00f3n de Usos M\u00faltiples o gimnasio que le sirva a todos los establecimientos escolares del sector ,y as\u00ed Quequ\u00e9n pasar\u00eda a tener un polideportivo para toda su poblaci\u00f3n en la plaza central, y dejar de ver ese espacio abandonado\u201d.<\/p>\n<p>Vale recordar que se trata de una obra de 2017 a terminar en 2018, que en su momento no se ejecut\u00f3 y no se puede tocar nada sin el consentimiento de Provincia. \u201cEl tema es que la estructura se estropea y era bueno que ellos vengan a verlo para la posibilidad de que se destrabe la obra\u201d, manifest\u00f3 Furno, y aclar\u00f3 de paso que \u201cque la gente sepa que no tiene que ver con desidia, sino con una cuesti\u00f3n legal\u2026 y por eso vinieron las personas que hacen el an\u00e1lisis econ\u00f3mico y financiero de la obra para hacer la comparativa, luego estuvieron trabajando con nuestro equipo t\u00e9cnico y se llevaron documentaci\u00f3n para poder hacer la igualaci\u00f3n, cerrar el tema y una vez que est\u00e9 cerrado se har\u00e1 una adenda y con recursos de Provincia o recursos propios, avanzar en la terminaci\u00f3n que generar\u00e1 un beneficio muy grande\u201d.<\/p>\n<p><a href=\"https:\/\/primicias2262.com\/wp-content\/uploads\/2023\/03\/FOTO-recorrida-polideportivo-quequen.jpg\"><img loading=\"lazy\" decoding=\"async\" class=\"aligncenter size-large wp-image-98189\" src=\"https:\/\/primicias2262.com\/wp-content\/uploads\/2023\/03\/FOTO-recorrida-polideportivo-quequen-1024x682.jpg\" alt=\"\" width=\"696\" height=\"464\" \/><\/a>En tanto, sucede algo similar con la Av. 531, y as\u00ed lo explic\u00f3: \u201cEllos vinieron a ver todas las obras que est\u00e1n con FIM, el avance de las que tenemos en esta gesti\u00f3n y las que est\u00e1n inconclusas que son estas dos, la del natatorio y la de 531, que era con asfalto de de 554 a 542, pero se hizo de 554 a 550 y falta llegar de 550 a 542\u2026 tambi\u00e9n se llevaron documentaci\u00f3n al respecto para analizarlo pero no es tan f\u00e1cil como lo del natatorio ni tan viable, aunque hay que hacer el mismo mecanismo. Si usaste esos fondos del FIM para hacer otra cosa, la obra te queda trabada\u201d.<\/p>\n<p>Cabe mencionar al respecto que llegaron desde La Plata Marcelo Carabajal, director de Coordinaci\u00f3n y Monitoreo Interjurisdiccional (Certificaci\u00f3n de Obra); Facundo Gavini, director de Evaluaci\u00f3n, Estudio y An\u00e1lisis de Proyectos de Obra P\u00fablica (\u00c1rea t\u00e9cnica), la coordinadora del Equipo Territorial, Sabrina Guarino, y Lara Aspromonte, integrante del Equipo Territorial.<\/p>\n","protected":false},"excerpt":{"rendered":"<p>En di\u00e1logo telef\u00f3nico con \u201cVoces de la Ciudad\u201d, el secretario de Planeamiento, Obras y Servicios P\u00fablicos, Adri\u00e1n Furno, fue consultado por el periodista Jorge G\u00f3mez acerca de una visita a Quequ\u00e9n por parte de un equipo t\u00e9cnico de Provincia en el marco de las obras inconclusas del Fondo de Infraestructura Municipal, en la que expres\u00f3 [&hellip;]<\/p>\n","protected":false},"author":3,"featured_media":98190,"comment_status":"closed","ping_status":"closed","sticky":false,"template":"","format":"standard","meta":{"footnotes":""},"categories":[3],"tags":[],"class_list":["post-98185","post","type-post","status-publish","format-standard","has-post-thumbnail","category-masnoticias"],"_links":{"self":[{"href":"https:\/\/primicias2262.com\/noticias\/wp-json\/wp\/v2\/posts\/98185","targetHints":{"allow":["GET"]}}],"collection":[{"href":"https:\/\/primicias2262.com\/noticias\/wp-json\/wp\/v2\/posts"}],"about":[{"href":"https:\/\/primicias2262.com\/noticias\/wp-json\/wp\/v2\/types\/post"}],"author":[{"embeddable":true,"href":"https:\/\/primicias2262.com\/noticias\/wp-json\/wp\/v2\/users\/3"}],"replies":[{"embeddable":true,"href":"https:\/\/primicias2262.com\/noticias\/wp-json\/wp\/v2\/comments?post=98185"}],"version-history":[{"count":0,"href":"https:\/\/primicias2262.com\/noticias\/wp-json\/wp\/v2\/posts\/98185\/revisions"}],"wp:attachment":[{"href":"https:\/\/primicias2262.com\/noticias\/wp-json\/wp\/v2\/media?parent=98185"}],"wp:term":[{"taxonomy":"category","embeddable":true,"href":"https:\/\/primicias2262.com\/noticias\/wp-json\/wp\/v2\/categories?post=98185"},{"taxonomy":"post_tag","embeddable":true,"href":"https:\/\/primicias2262.com\/noticias\/wp-json\/wp\/v2\/tags?post=98185"}],"curies":[{"name":"wp","href":"https:\/\/api.w.org\/{rel}","templated":true}]}}