{"id":98192,"date":"2023-03-09T10:00:57","date_gmt":"2023-03-09T13:00:57","guid":{"rendered":"https:\/\/primicias2262.com\/?p=98192"},"modified":"2023-03-09T10:00:57","modified_gmt":"2023-03-09T13:00:57","slug":"es-prematuro-hablar-de-candidaturas-pero-el-mid-quiere-ser-parte-de-juntos-y-tener-representacion","status":"publish","type":"post","link":"https:\/\/primicias2262.com\/noticias\/es-prematuro-hablar-de-candidaturas-pero-el-mid-quiere-ser-parte-de-juntos-y-tener-representacion\/","title":{"rendered":"\u201cEs prematuro hablar de candidaturas, pero el MID quiere ser parte de Juntos y tener representaci\u00f3n\u201d"},"content":{"rendered":"<p><strong>As\u00ed lo afirm\u00f3 el abogado Fernando Amat, quien es presidente del MID (Movimiento de Integraci\u00f3n y Desarrollo) en Necochea y coordinador de la Quinta Secci\u00f3n Electoral, espacio que acompa\u00f1a a representantes de Juntos, puntualmente del PRO. Lo hizo durante una visita a \u201cVoces de la Ciudad\u201d, mediante una nota realizada por el periodista Jorge G\u00f3mez.<\/strong><\/p>\n<p>Antes que nada, Amat puso en contexto que el MID que surgi\u00f3 con posterioridad a la presidencia de Arturo Frondizi (1958-1962), con ideas desarrollistas que necesitaban un partido que las viabilizara, junto con Rogelio Frigerio (abuelo del actual candidato a gobernador en Entre R\u00edos y exministro del Interior con Macri), \u201cy\u00a0 lo que se llev\u00f3 a la pr\u00e1ctica en Argentina en esa presidencia fue lo que copi\u00f3 el mundo desarrollado de hoy\u201d, asegur\u00f3.<\/p>\n<p>Argument\u00f3 al respecto que \u201ccuando admiramos y vemos al mundo c\u00f3mo se desarrolla, en realidad no hizo otra cosa que implementar pol\u00edticas que se llevaron adelante en Argentina hace 60 a\u00f1os durante la presidencia de Frondizi. Eran ideas avanzadas para el mundo, ideas de un mundo industrializado que hoy desarrolla China por ejemplo, y en eso Argentina fue pionero\u201d.<\/p>\n<p><a href=\"https:\/\/primicias2262.com\/wp-content\/uploads\/2023\/03\/amat-frigerio.jpg\"><img loading=\"lazy\" decoding=\"async\" class=\"aligncenter size-large wp-image-98193\" src=\"https:\/\/primicias2262.com\/wp-content\/uploads\/2023\/03\/amat-frigerio-1024x682.jpg\" alt=\"\" width=\"696\" height=\"464\" \/><\/a>En el presente, \u201cahora en marzo cumplimos 58 a\u00f1os, el MID tuvo distintas etapas, \u00e9pocas de apogeo, otras de altibajos y recientemente ha recuperado su personer\u00eda pol\u00edtica. \u00a0Tuvo una \u00e9poca en la que se desdibuj\u00f3 y hace diez a\u00f1os recuper\u00f3 la conducci\u00f3n con gente que era fundadora y compart\u00eda las ideas desarrollistas, y esto se not\u00f3 en el resurgimiento del partido\u201d, agreg\u00f3.<\/p>\n<p>Hecha toda esa aclaraci\u00f3n, Amat sostuvo que \u201cintegramos el espacio de Juntos, el MID es uno de los primeros que ingres\u00f3. Tenemos muy buen di\u00e1logo con todos los sectores del espacio y en particular no tenemos internas, somos todos del mismo grupo, algo que sucede tambi\u00e9n en Provincia y Naci\u00f3n. A nivel local, quiero rescatar el excelente di\u00e1logo que hay entre los integrantes y distintos dirigentes, necesitamos un tr\u00e1nsito pac\u00edfico para este 2023\u201d.<\/p>\n<p>De todas formas, el abogado se\u00f1al\u00f3 que \u201ces prematuro hablar de candidaturas, y el objetivo del MID es ser parte del espacio y tener representaci\u00f3n, la cual se va a dar solo con la posibilidad de ocupar lugares electivos, pero todav\u00eda no hay definiciones\u201d, y justific\u00f3 que es prematuro todav\u00eda porque \u201cla gente no necesita candidatos, sino que se comprendan sus necesidades, aunque el MID quiere participar en la mesa, dialogamos con Diego Santilli y le dijimos esa inquietud, y me dijo que s\u00ed, tanto a nivel local como provincial\u201d.<\/p>\n<p>Acto seguido, record\u00f3 que \u201cen t\u00e9rminos generales el MID plantea un mensaje desarrollista y hacer hincapi\u00e9 que \u00fanicamente va a garantizar un gobierno con esas caracter\u00edsticas la participaci\u00f3n de integrantes que sean verdaderamente desarrollistas, y no gente con otra mirada\u2026 que sea una verdadera impronta desarrollista y no un mero mensaje desarrollista\u201d.<\/p>\n<p>Finalmente, reflexion\u00f3 que \u201cqueremos dejar un mensaje de aliento y optimismo, porque la Provincia de Buenos Aires puede ser la locomotora de crecimiento del desarrollo argentino\u2026 m\u00e1s del 50% de la capacidad econ\u00f3mica del pa\u00eds est\u00e1 liderada en distintos aspectos por la Provincia de Buenos Aires, entonces esta tiene un rol protag\u00f3nico y solo hay que generar las condiciones para que esto sea una realidad\u201d.<\/p>\n","protected":false},"excerpt":{"rendered":"<p>As\u00ed lo afirm\u00f3 el abogado Fernando Amat, quien es presidente del MID (Movimiento de Integraci\u00f3n y Desarrollo) en Necochea y coordinador de la Quinta Secci\u00f3n Electoral, espacio que acompa\u00f1a a representantes de Juntos, puntualmente del PRO. Lo hizo durante una visita a \u201cVoces de la Ciudad\u201d, mediante una nota realizada por el periodista Jorge G\u00f3mez. [&hellip;]<\/p>\n","protected":false},"author":3,"featured_media":98202,"comment_status":"closed","ping_status":"closed","sticky":false,"template":"","format":"standard","meta":{"footnotes":""},"categories":[5],"tags":[],"class_list":{"0":"post-98192","1":"post","2":"type-post","3":"status-publish","4":"format-standard","5":"has-post-thumbnail","7":"category-neco"},"_links":{"self":[{"href":"https:\/\/primicias2262.com\/noticias\/wp-json\/wp\/v2\/posts\/98192","targetHints":{"allow":["GET"]}}],"collection":[{"href":"https:\/\/primicias2262.com\/noticias\/wp-json\/wp\/v2\/posts"}],"about":[{"href":"https:\/\/primicias2262.com\/noticias\/wp-json\/wp\/v2\/types\/post"}],"author":[{"embeddable":true,"href":"https:\/\/primicias2262.com\/noticias\/wp-json\/wp\/v2\/users\/3"}],"replies":[{"embeddable":true,"href":"https:\/\/primicias2262.com\/noticias\/wp-json\/wp\/v2\/comments?post=98192"}],"version-history":[{"count":0,"href":"https:\/\/primicias2262.com\/noticias\/wp-json\/wp\/v2\/posts\/98192\/revisions"}],"wp:featuredmedia":[{"embeddable":true,"href":"https:\/\/primicias2262.com\/noticias\/wp-json\/"}],"wp:attachment":[{"href":"https:\/\/primicias2262.com\/noticias\/wp-json\/wp\/v2\/media?parent=98192"}],"wp:term":[{"taxonomy":"category","embeddable":true,"href":"https:\/\/primicias2262.com\/noticias\/wp-json\/wp\/v2\/categories?post=98192"},{"taxonomy":"post_tag","embeddable":true,"href":"https:\/\/primicias2262.com\/noticias\/wp-json\/wp\/v2\/tags?post=98192"}],"curies":[{"name":"wp","href":"https:\/\/api.w.org\/{rel}","templated":true}]}}