{"id":98196,"date":"2023-03-09T10:08:25","date_gmt":"2023-03-09T13:08:25","guid":{"rendered":"https:\/\/primicias2262.com\/?p=98196"},"modified":"2023-03-09T10:08:25","modified_gmt":"2023-03-09T13:08:25","slug":"invitan-a-la-comunidad-a-participar-del-via-crucis-ribereno-este-sabado","status":"publish","type":"post","link":"https:\/\/primicias2262.com\/noticias\/invitan-a-la-comunidad-a-participar-del-via-crucis-ribereno-este-sabado\/","title":{"rendered":"Invitan a la comunidad a participar del V\u00eda Crucis Ribere\u00f1o este s\u00e1bado"},"content":{"rendered":"<p><strong>La caminata ser\u00e1 a partir de las 8.30 desde el Puente Taraborelli hasta Las Cascadas y cuenta con el acompa\u00f1amiento de la Di\u00f3cesis de Mar del Plata. As\u00ed lo inform\u00f3 el padre Alejandro Mart\u00ednez, de la Parroquia de Lourdes en la playa, durante una nota telef\u00f3nica realizada por el periodista Jorge G\u00f3mez en \u201cVoces de la Ciudad\u201d.<\/strong><\/p>\n<p>Este s\u00e1bado 11 de marzo se realizar\u00e1 el V\u00eda Crucis Ribere\u00f1o, que saldr\u00e1 desde el Puente Taraborelli a partir de las 8.30, y en ese sentido, el padre Mart\u00ednez apunt\u00f3 que la concentraci\u00f3n ser\u00e1 a las 8 de la ma\u00f1ana y media hora m\u00e1s tarde iniciar\u00e1 la caminata hasta Las Cascadas, aunque el recorrido se puede hacer en veh\u00edculo o en bicicleta, seg\u00fan la comodidad y posibilidad de cada persona.<\/p>\n<p>Mart\u00ednez se\u00f1al\u00f3 que \u201cse invita a la gente a concurrir, como todos los a\u00f1os, esto es parte de las celebraciones religiosas dentro del tiempo de la cuaresma de preparaci\u00f3n para la Pascua\u2026 hace unos a\u00f1os venimos realizando este acto piadoso, que a su vez nos permite meternos en la realidad que vamos viviendo, y dejarnos acompa\u00f1ar por Jes\u00fas en nuestro camino\u201d.<\/p>\n<p><a href=\"https:\/\/primicias2262.com\/wp-content\/uploads\/2023\/03\/FOTO-camino-ribera2.jpeg\"><img loading=\"lazy\" decoding=\"async\" class=\"alignleft size-medium wp-image-98199\" src=\"https:\/\/primicias2262.com\/wp-content\/uploads\/2023\/03\/FOTO-camino-ribera2-300x225.jpeg\" alt=\"\" width=\"300\" height=\"225\" \/><\/a>El padre manifest\u00f3 que en ediciones anteriores lo ven\u00edan haciendo a la tarde, \u201cpero la temperatura es un tema y si hace calor no podemos hacerlo, entonces en la fresca podemos caminar tranquilamente y apreciar el paisaje geogr\u00e1fico hermoso que tenemos, rezar y terminar con una bendici\u00f3n final en Las Cascadas junto a los Scouts, que siempre est\u00e1n\u201d, argument\u00f3.<\/p>\n<p>M\u00e1s all\u00e1 de que se haga el recorrido de 10 kil\u00f3metros caminando o por otro medio, Mart\u00ednez reflexion\u00f3 que \u201clo importante es que nos vayamos preparando a esta realidad de la Pascua pasando por el camino de la Cruz, y es lindo pensar que es el Se\u00f1or Jes\u00fas el que nos acompa\u00f1a en esta vida que tiene sus cruces, y m\u00e1s ahora que estamos viviendo tiempos tan dif\u00edciles y alocados, necesitamos que \u00c9l nos ilumine y cambie nuestro coraz\u00f3n\u201d.<\/p>\n<p><a href=\"https:\/\/primicias2262.com\/wp-content\/uploads\/2023\/03\/via-crucis-11-03.jpeg\"><img loading=\"lazy\" decoding=\"async\" class=\"aligncenter size-full wp-image-98197\" src=\"https:\/\/primicias2262.com\/wp-content\/uploads\/2023\/03\/via-crucis-11-03.jpeg\" alt=\"\" width=\"488\" height=\"867\" \/><\/a><\/p>\n","protected":false},"excerpt":{"rendered":"<p>La caminata ser\u00e1 a partir de las 8.30 desde el Puente Taraborelli hasta Las Cascadas y cuenta con el acompa\u00f1amiento de la Di\u00f3cesis de Mar del Plata. As\u00ed lo inform\u00f3 el padre Alejandro Mart\u00ednez, de la Parroquia de Lourdes en la playa, durante una nota telef\u00f3nica realizada por el periodista Jorge G\u00f3mez en \u201cVoces de [&hellip;]<\/p>\n","protected":false},"author":3,"featured_media":98198,"comment_status":"closed","ping_status":"closed","sticky":false,"template":"","format":"standard","meta":{"footnotes":""},"categories":[3],"tags":[],"class_list":["post-98196","post","type-post","status-publish","format-standard","has-post-thumbnail","category-masnoticias"],"_links":{"self":[{"href":"https:\/\/primicias2262.com\/noticias\/wp-json\/wp\/v2\/posts\/98196","targetHints":{"allow":["GET"]}}],"collection":[{"href":"https:\/\/primicias2262.com\/noticias\/wp-json\/wp\/v2\/posts"}],"about":[{"href":"https:\/\/primicias2262.com\/noticias\/wp-json\/wp\/v2\/types\/post"}],"author":[{"embeddable":true,"href":"https:\/\/primicias2262.com\/noticias\/wp-json\/wp\/v2\/users\/3"}],"replies":[{"embeddable":true,"href":"https:\/\/primicias2262.com\/noticias\/wp-json\/wp\/v2\/comments?post=98196"}],"version-history":[{"count":0,"href":"https:\/\/primicias2262.com\/noticias\/wp-json\/wp\/v2\/posts\/98196\/revisions"}],"wp:attachment":[{"href":"https:\/\/primicias2262.com\/noticias\/wp-json\/wp\/v2\/media?parent=98196"}],"wp:term":[{"taxonomy":"category","embeddable":true,"href":"https:\/\/primicias2262.com\/noticias\/wp-json\/wp\/v2\/categories?post=98196"},{"taxonomy":"post_tag","embeddable":true,"href":"https:\/\/primicias2262.com\/noticias\/wp-json\/wp\/v2\/tags?post=98196"}],"curies":[{"name":"wp","href":"https:\/\/api.w.org\/{rel}","templated":true}]}}