{"id":98230,"date":"2023-03-10T10:16:30","date_gmt":"2023-03-10T13:16:30","guid":{"rendered":"https:\/\/primicias2262.com\/?p=98230"},"modified":"2023-03-10T10:16:30","modified_gmt":"2023-03-10T13:16:30","slug":"docentes-de-jardines-municipales-comenzaran-a-percibir-una-bonificacion-largamente-reclamada","status":"publish","type":"post","link":"https:\/\/primicias2262.com\/noticias\/docentes-de-jardines-municipales-comenzaran-a-percibir-una-bonificacion-largamente-reclamada\/","title":{"rendered":"Docentes de jardines municipales comenzar\u00e1n a percibir una bonificaci\u00f3n largamente reclamada"},"content":{"rendered":"<p><strong>Tras una serie de charlas con el Departamento Ejecutivo Municipal y el Sindicado de Trabajadores como intermediario, se supo que llegaron a un entendimiento y la noticia se estar\u00eda oficializando en las primeras horas de la semana venidera.<\/strong><\/p>\n<p>Por lo pronto, el periodista Jorge G\u00f3mez consult\u00f3 por dicho tema en \u201cVoces de la Ciudad\u201d al secretario adjunto del Sindicato de Trabajadores Municipales, Gast\u00f3n D\u00edaz, quien confirm\u00f3 que las partes lograron un entendimiento tras conversar sobre una serie de reclamos por parte de las docentes con el Ejecutivo, tras lo que finalmente se lleg\u00f3 a un principio de soluci\u00f3n y resta la \u00faltima palabra del intendente Arturo Rojas para que sea factible refrendar lo charlado.<\/p>\n<p>Al respecto, D\u00edaz puso en contexto que \u201ces un reclamo que viene hace bastante tiempo por parte de las docentes de jardines maternales y de infantes de la Municipalidad, ellas tienen un decreto del a\u00f1o 1996 en el que rige una equiparaci\u00f3n de sus salarios de igual manera que las docentes de la Provincia de Buenos Aires, y hasta ah\u00ed es todo normal porque cobran exactamente lo mismo, pero hay un \u00edtem que se llama incentivo docente que proviene de fondos de una Ley Nacional, que en su momento no representaba mucha plata y el reclamo no era muy ferviente, pero \u00faltimamente las paritarias docentes est\u00e1n incorporando un poco m\u00e1s de incremento en esa bonificaci\u00f3n no remunerativa\u201d.<\/p>\n<p><a href=\"https:\/\/primicias2262.com\/wp-content\/uploads\/2023\/03\/FOTO-Pichi-Huinca.jpeg\"><img loading=\"lazy\" decoding=\"async\" class=\"aligncenter size-large wp-image-98249\" src=\"https:\/\/primicias2262.com\/wp-content\/uploads\/2023\/03\/FOTO-Pichi-Huinca-1024x461.jpeg\" alt=\"\" width=\"696\" height=\"313\" \/><\/a>Por consiguiente, \u201ceste a\u00f1o est\u00e1n previstas tambi\u00e9n algunas actualizaciones en ese aspecto y alrededor de junio va a andar en alrededor de 12 mil o 13 mil pesos\u201d, aclar\u00f3 el gremialista, para acotar que \u201cadem\u00e1s de eso, las docentes de Provincia cobran otra bonificaci\u00f3n que se llama conectividad nacional, que ronda los cinco mil pesos, y esto era lo que las docentes de ac\u00e1 ven\u00edan exigiendo que el municipio les reconociera\u201d.<\/p>\n<p>Si bien \u201centre idas y vueltas no hab\u00eda acuerdo, finalmente ayer se formaliz\u00f3 una propuesta por parte del Departamento Ejecutivo en la cual a partir de los haberes de marzo le estar\u00edan incorporando esta bonificaci\u00f3n de conectividad a las docentes municipales, y hoy estamos hablando de 4750 pesos, m\u00e1s sus actualizaciones de ac\u00e1 en adelante, de acuerdo a los aumento de las bonificaciones que implemente Provincia\u201d, inform\u00f3 D\u00edaz.<\/p>\n<p><a href=\"https:\/\/primicias2262.com\/wp-content\/uploads\/2023\/03\/FOTO-Jardin-Acuario.jpeg\"><img loading=\"lazy\" decoding=\"async\" class=\"aligncenter size-large wp-image-98248\" src=\"https:\/\/primicias2262.com\/wp-content\/uploads\/2023\/03\/FOTO-Jardin-Acuario-1024x461.jpeg\" alt=\"\" width=\"696\" height=\"313\" \/><\/a>No obstante, se supo tambi\u00e9n que el Municipio pidi\u00f3 dos meses de plazo, tanto abril y mayo, ya que se va a tramitar ante Naci\u00f3n, que deber\u00eda facilitarle los fondos \u00a0para que el municipio pueda costear el importe del incentivo docente, aunque D\u00edaz se\u00f1al\u00f3 que \u201csi no se lograra respuesta de Naci\u00f3n, el Ejecutivo igualmente se compromete estos dos meses a costear los fondos para que puedan cobrar la bonificaci\u00f3n con los haberes de mayo equivalente al incentivo docente, m\u00e1s sus actualizaciones\u201d.<\/p>\n<p>Por todo ello, Gast\u00f3n se\u00f1al\u00f3 finalmente que es una noticia muy grata para las docentes de los jardines municipales y \u201chan quedado todos muy conformes, tanto las trabajadoras docentes, nosotros como instituci\u00f3n e intermediarias y el Ejecutivo, que ha hecho un buen esfuerzo y en dos meses esto se va a equiparar definitivamente\u201d, y en ese sentido destac\u00f3 el compromiso de los secretarios de Gobierno, Jorge Mart\u00ednez; y de Desarrollo Humano, Sandra Antenucci.<\/p>\n<p>Se recuerda que bajo la dependencia municipal funcionan cinco jardines, cuatro maternales (Barquito de Papel, Evita, Acuario y Pichi Huinca); y uno de Infantes (Lassalle).<\/p>\n","protected":false},"excerpt":{"rendered":"<p>Tras una serie de charlas con el Departamento Ejecutivo Municipal y el Sindicado de Trabajadores como intermediario, se supo que llegaron a un entendimiento y la noticia se estar\u00eda oficializando en las primeras horas de la semana venidera. Por lo pronto, el periodista Jorge G\u00f3mez consult\u00f3 por dicho tema en \u201cVoces de la Ciudad\u201d al [&hellip;]<\/p>\n","protected":false},"author":3,"featured_media":98250,"comment_status":"closed","ping_status":"closed","sticky":false,"template":"","format":"standard","meta":{"footnotes":""},"categories":[3],"tags":[],"class_list":["post-98230","post","type-post","status-publish","format-standard","has-post-thumbnail","category-masnoticias"],"_links":{"self":[{"href":"https:\/\/primicias2262.com\/noticias\/wp-json\/wp\/v2\/posts\/98230","targetHints":{"allow":["GET"]}}],"collection":[{"href":"https:\/\/primicias2262.com\/noticias\/wp-json\/wp\/v2\/posts"}],"about":[{"href":"https:\/\/primicias2262.com\/noticias\/wp-json\/wp\/v2\/types\/post"}],"author":[{"embeddable":true,"href":"https:\/\/primicias2262.com\/noticias\/wp-json\/wp\/v2\/users\/3"}],"replies":[{"embeddable":true,"href":"https:\/\/primicias2262.com\/noticias\/wp-json\/wp\/v2\/comments?post=98230"}],"version-history":[{"count":0,"href":"https:\/\/primicias2262.com\/noticias\/wp-json\/wp\/v2\/posts\/98230\/revisions"}],"wp:attachment":[{"href":"https:\/\/primicias2262.com\/noticias\/wp-json\/wp\/v2\/media?parent=98230"}],"wp:term":[{"taxonomy":"category","embeddable":true,"href":"https:\/\/primicias2262.com\/noticias\/wp-json\/wp\/v2\/categories?post=98230"},{"taxonomy":"post_tag","embeddable":true,"href":"https:\/\/primicias2262.com\/noticias\/wp-json\/wp\/v2\/tags?post=98230"}],"curies":[{"name":"wp","href":"https:\/\/api.w.org\/{rel}","templated":true}]}}