{"id":98232,"date":"2023-03-09T10:02:23","date_gmt":"2023-03-09T13:02:23","guid":{"rendered":"https:\/\/primicias2262.com\/?p=98232"},"modified":"2023-03-09T10:02:23","modified_gmt":"2023-03-09T13:02:23","slug":"comenzaron-a-entoscar-calles-en-claraz-y-avanza-el-alteo-desde-la-negra-hacia-dicho-pueblo","status":"publish","type":"post","link":"https:\/\/primicias2262.com\/noticias\/comenzaron-a-entoscar-calles-en-claraz-y-avanza-el-alteo-desde-la-negra-hacia-dicho-pueblo\/","title":{"rendered":"Comenzaron a entoscar calles en Claraz y avanza el alteo desde La Negra hacia dicho pueblo"},"content":{"rendered":"<p><strong>Luego de un periodo de sequ\u00eda, empezaron los trabajos de bacheo en las calles m\u00e1s complicadas de la localidad, a lo que se le sumar\u00e1 un repaso general. Adem\u00e1s, est\u00e1 por culminarse el alteo de 11 kil\u00f3metros del camino La Negra \u2013 Claraz.<\/strong><\/p>\n<p>Destacando el acompa\u00f1amiento permanente de la gesti\u00f3n del intendente Arturo Rojas y la Secretar\u00eda de Gobierno a cargo de Jorge Mart\u00ednez, el delegado de Claraz, Jos\u00e9 Garc\u00eda, inform\u00f3 que empezaron recientemente a reentoscarse calles en la localidad. Al mismo tiempo, avanza a buen ritmo el alteo que llega desde el camino de La Negra, a lo largo de 11 kil\u00f3metros.<\/p>\n<p>Garc\u00eda rescat\u00f3 antes que nada que \u201cen Claraz no hemos parado de trabajar tanto en 2021 como en 2022, y este a\u00f1o, a pesar de ser electoral, ser\u00e1 lo mismo y se seguir\u00e1 con el mismo sistema\u201d.<\/p>\n<p>Seguidamente, inform\u00f3 en lo concerniente al n\u00facleo urbano que \u201chemos comenzado a hacer bacheo, lo cual lamentablemente no empezamos antes por el clima y la cuesti\u00f3n de la seca que hubo, pero ahora ya se est\u00e1 haciendo un gran trabajo, reentoscando las calles m\u00e1s complicadas y adem\u00e1s se dar\u00e1 un repaso general al pueblo\u201d.<\/p>\n<p>Para ello, quien est\u00e1 al frente de la Delegaci\u00f3n al norte del distrito agradeci\u00f3 tambi\u00e9n a la empresa de Mart\u00edn Russo, quien prest\u00f3 material para el reentoscado en el pueblo. Dicha empresa, es la que se encuentra llevando adelante en simult\u00e1neo el alteo del camino de La Negra \u2013 Claraz, sobre 11 kil\u00f3metros.<\/p>\n<p><a href=\"https:\/\/primicias2262.com\/wp-content\/uploads\/2023\/03\/FOTO-alteo-La-Negra-Claraz.jpeg\"><img loading=\"lazy\" decoding=\"async\" class=\"aligncenter size-large wp-image-98233\" src=\"https:\/\/primicias2262.com\/wp-content\/uploads\/2023\/03\/FOTO-alteo-La-Negra-Claraz-1024x768.jpeg\" alt=\"\" width=\"696\" height=\"522\" \/><\/a>Acerca de esta \u00faltima cuesti\u00f3n, Garc\u00eda se\u00f1al\u00f3 que \u201cse est\u00e1 trabajando a buen ritmo y est\u00e1 quedando bien el alteo, ahora est\u00e1n muy cerca de llegar a Claraz, a unos dos mil metros, y una vez que se termine esa obra esperamos que tambi\u00e9n se pueda hacer el mejorado que se habl\u00f3 en su momento desde Juan N. Fern\u00e1ndez hacia La Negra\u201d.<\/p>\n","protected":false},"excerpt":{"rendered":"<p>Luego de un periodo de sequ\u00eda, empezaron los trabajos de bacheo en las calles m\u00e1s complicadas de la localidad, a lo que se le sumar\u00e1 un repaso general. Adem\u00e1s, est\u00e1 por culminarse el alteo de 11 kil\u00f3metros del camino La Negra \u2013 Claraz. Destacando el acompa\u00f1amiento permanente de la gesti\u00f3n del intendente Arturo Rojas y [&hellip;]<\/p>\n","protected":false},"author":3,"featured_media":98234,"comment_status":"closed","ping_status":"closed","sticky":false,"template":"","format":"standard","meta":{"footnotes":""},"categories":[3],"tags":[],"class_list":["post-98232","post","type-post","status-publish","format-standard","has-post-thumbnail","category-masnoticias"],"_links":{"self":[{"href":"https:\/\/primicias2262.com\/noticias\/wp-json\/wp\/v2\/posts\/98232","targetHints":{"allow":["GET"]}}],"collection":[{"href":"https:\/\/primicias2262.com\/noticias\/wp-json\/wp\/v2\/posts"}],"about":[{"href":"https:\/\/primicias2262.com\/noticias\/wp-json\/wp\/v2\/types\/post"}],"author":[{"embeddable":true,"href":"https:\/\/primicias2262.com\/noticias\/wp-json\/wp\/v2\/users\/3"}],"replies":[{"embeddable":true,"href":"https:\/\/primicias2262.com\/noticias\/wp-json\/wp\/v2\/comments?post=98232"}],"version-history":[{"count":0,"href":"https:\/\/primicias2262.com\/noticias\/wp-json\/wp\/v2\/posts\/98232\/revisions"}],"wp:attachment":[{"href":"https:\/\/primicias2262.com\/noticias\/wp-json\/wp\/v2\/media?parent=98232"}],"wp:term":[{"taxonomy":"category","embeddable":true,"href":"https:\/\/primicias2262.com\/noticias\/wp-json\/wp\/v2\/categories?post=98232"},{"taxonomy":"post_tag","embeddable":true,"href":"https:\/\/primicias2262.com\/noticias\/wp-json\/wp\/v2\/tags?post=98232"}],"curies":[{"name":"wp","href":"https:\/\/api.w.org\/{rel}","templated":true}]}}