{"id":98239,"date":"2023-03-10T10:03:42","date_gmt":"2023-03-10T13:03:42","guid":{"rendered":"https:\/\/primicias2262.com\/?p=98239"},"modified":"2023-03-10T10:03:42","modified_gmt":"2023-03-10T13:03:42","slug":"alejandro-segovia-retoma-la-conduccion-de-osprera-de-la-provincia-de-bs-as","status":"publish","type":"post","link":"https:\/\/primicias2262.com\/noticias\/alejandro-segovia-retoma-la-conduccion-de-osprera-de-la-provincia-de-bs-as\/","title":{"rendered":"Alejandro Segovia retoma la conducci\u00f3n de OSPRERA de la Provincia de Bs. As."},"content":{"rendered":"<p><strong>Por Jorge G\u00f3mez<\/strong><\/p>\n<p><a href=\"https:\/\/primicias2262.com\/wp-content\/uploads\/2021\/08\/Gomez.jpg\"><img loading=\"lazy\" decoding=\"async\" class=\"alignleft size-thumbnail wp-image-80409\" src=\"https:\/\/primicias2262.com\/wp-content\/uploads\/2021\/08\/Gomez-150x150.jpg\" alt=\"\" width=\"150\" height=\"150\" \/><\/a>El dirigente gremial oriundo de la UATRE, Alejandro Segovia, hist\u00f3rico referente de este sindicato, retomar\u00e1 este viernes 10 de marzo de 2023 la conducci\u00f3n de la obra social OSPRERA de la Provincia de Buenos Aires.<\/p>\n<p>Tal lo confirmado por fuentes del citado gremio como as\u00ed de la aludida obra social.<\/p>\n<p>Segovia, consecuencia de temas internos de la UATRE, estuvo alejado de este funci\u00f3n desde fines de 2021.<\/p>\n<p>Esta tarea la llev\u00f3 adelante desde la ciudad de La Plata, capital cabecera de la Provincia.<\/p>\n<p><a href=\"https:\/\/primicias2262.com\/wp-content\/uploads\/2023\/03\/segovia.jpeg\"><img loading=\"lazy\" decoding=\"async\" class=\"alignleft size-medium wp-image-98244\" src=\"https:\/\/primicias2262.com\/wp-content\/uploads\/2023\/03\/segovia-219x300.jpeg\" alt=\"\" width=\"219\" height=\"300\" \/><\/a>Reordenada y confirmada por el Ministerio de Trabajo de la Naci\u00f3n la conducci\u00f3n de la UATRE, con la presencia de Jos\u00e9 Voytenco al frente del gremio en calidad de secretario general nacional, e intervenida recientemente la obra social, Segovia -de extensa trayectoria en este gremio y dirigente de estrecha y probada confianza del fallecido Geronimo Venegas- habr\u00eda sido convocado para hacerse cargo de OSPRERA bonaerense, organismo que cuenta con miles de afiliados que est\u00e1n adheridos a la misma.<\/p>\n","protected":false},"excerpt":{"rendered":"<p>Por Jorge G\u00f3mez El dirigente gremial oriundo de la UATRE, Alejandro Segovia, hist\u00f3rico referente de este sindicato, retomar\u00e1 este viernes 10 de marzo de 2023 la conducci\u00f3n de la obra social OSPRERA de la Provincia de Buenos Aires. Tal lo confirmado por fuentes del citado gremio como as\u00ed de la aludida obra social. Segovia, consecuencia [&hellip;]<\/p>\n","protected":false},"author":3,"featured_media":98243,"comment_status":"closed","ping_status":"closed","sticky":false,"template":"","format":"standard","meta":{"footnotes":""},"categories":[3],"tags":[],"class_list":["post-98239","post","type-post","status-publish","format-standard","has-post-thumbnail","category-masnoticias"],"_links":{"self":[{"href":"https:\/\/primicias2262.com\/noticias\/wp-json\/wp\/v2\/posts\/98239","targetHints":{"allow":["GET"]}}],"collection":[{"href":"https:\/\/primicias2262.com\/noticias\/wp-json\/wp\/v2\/posts"}],"about":[{"href":"https:\/\/primicias2262.com\/noticias\/wp-json\/wp\/v2\/types\/post"}],"author":[{"embeddable":true,"href":"https:\/\/primicias2262.com\/noticias\/wp-json\/wp\/v2\/users\/3"}],"replies":[{"embeddable":true,"href":"https:\/\/primicias2262.com\/noticias\/wp-json\/wp\/v2\/comments?post=98239"}],"version-history":[{"count":0,"href":"https:\/\/primicias2262.com\/noticias\/wp-json\/wp\/v2\/posts\/98239\/revisions"}],"wp:attachment":[{"href":"https:\/\/primicias2262.com\/noticias\/wp-json\/wp\/v2\/media?parent=98239"}],"wp:term":[{"taxonomy":"category","embeddable":true,"href":"https:\/\/primicias2262.com\/noticias\/wp-json\/wp\/v2\/categories?post=98239"},{"taxonomy":"post_tag","embeddable":true,"href":"https:\/\/primicias2262.com\/noticias\/wp-json\/wp\/v2\/tags?post=98239"}],"curies":[{"name":"wp","href":"https:\/\/api.w.org\/{rel}","templated":true}]}}