{"id":98254,"date":"2023-03-10T11:05:48","date_gmt":"2023-03-10T14:05:48","guid":{"rendered":"https:\/\/primicias2262.com\/?p=98254"},"modified":"2023-03-10T11:05:48","modified_gmt":"2023-03-10T14:05:48","slug":"sigue-la-colecta-de-leche-para-el-hogar-garcia-landera-que-alberga-a-45-ancianos","status":"publish","type":"post","link":"https:\/\/primicias2262.com\/noticias\/sigue-la-colecta-de-leche-para-el-hogar-garcia-landera-que-alberga-a-45-ancianos\/","title":{"rendered":"Sigue la colecta de leche para el Hogar Garc\u00eda Landera, que alberga a 45 ancianos"},"content":{"rendered":"<p><strong>La Madre Celina, una de las tres hermanas del Hogar Garc\u00eda Landera, habl\u00f3 sobre la campa\u00f1a solidaria \u201cDona leche, da vida\u201d, las necesidades de la instituci\u00f3n y el esp\u00edritu solidario de la comunidad necochense. Lo hizo durante una nota telef\u00f3nica realizada por el periodista Jorge G\u00f3mez en \u201cVoces de la Ciudad\u201d.<\/strong><\/p>\n<p>Celina, colombiana pero radicada en Argentina desde hace una d\u00e9cada, manifest\u00f3 en primer t\u00e9rmino que \u201cquer\u00eda aprovechar a dar gracias a la comunidad que se ha volcado a ayudarnos, estamos muy bendecidas en este punto y hemos notado la colaboraci\u00f3n y el cari\u00f1o de toda la poblaci\u00f3n\u201d, y asegur\u00f3 que \u201csigue vigente la campa\u00f1a, y quiero agradecer a Eduardo Gar\u00eda Rapp y Marita (Mar\u00eda Ester), Horacio Parodi y mucha gente m\u00e1s, como los excombatientes de Malvinas o la Sociedad Espa\u00f1ola de Socorros Mutuos por la ayuda\u201d.<\/p>\n<p>El 1\u00ba de mayo el Hogar Garc\u00eda Landera cumplir\u00e1 69 a\u00f1os, y seg\u00fan el reporte de Celina, actualmente hay 45 abuelos y abuelas, aunque el cupo es para 70. \u201cNos falta bastante mantenimiento en el hogar, pero la situaci\u00f3n econ\u00f3mica del pa\u00eds es compleja y no nos libramos de ello, tenemos muchos gastos y la mayor\u00eda de los abuelitos son de familias humildes\u201d.<\/p>\n<p>A esos 45 ancianos, los acompa\u00f1an tres hermanas, entre ellas Celina: \u201cNuestra congregaci\u00f3n se llama Hermanitas de los Ancianos Desamparados, es una comunidad religiosa que se dedica en los cinco continentes a cuidar al adulto mayor\u201d, especific\u00f3, y a t\u00edtulo personal cont\u00f3 que \u201csoy colombiana, en Necochea estoy hace 8 meses y en Argentina hace unos diez a\u00f1os. En el hogar somos tres hermanitas y por supuesto que personas voluntarias son bienvenidas, a la hora de la comida, a la ma\u00f1ana, para entretener a los abuelitos o en el aseo de ellos\u201d.<\/p>\n<p>Asimismo, adem\u00e1s de la leche, Celina se\u00f1al\u00f3 que \u201crecibimos cualquier tipo de donaci\u00f3n, sea econ\u00f3mica o afectiva, ya que tambi\u00e9n necesitan compa\u00f1\u00eda, personas que vengan a estar con ellos, a hacer alguna actividad de recreaci\u00f3n o manualidad, o simplemente a dialogar con ellos. De alimentaci\u00f3n, cualquier cosa que venga es bienvenida, todo se utiliza, somos 48 personas que comemos en el hogar. Asimismo productos de limpieza y pa\u00f1ales\u201d, y por supuesto en el edificio: \u201cNecesitamos mucha mano de obra, de toda especie, desde el techo hasta las ca\u00f1er\u00edas y el piso\u201d, asegur\u00f3.<\/p>\n<p>No obstante, destac\u00f3 finalmente que \u201cnos sentimos muy agradecidas y bendecidas porque la comunidad de esta ciudad tiene un gran cari\u00f1o y aprecio, y nunca nos ha abandonado en casi 70 a\u00f1os que tenemos aqu\u00ed, siempre han estado presentes\u201d.<\/p>\n","protected":false},"excerpt":{"rendered":"<p>La Madre Celina, una de las tres hermanas del Hogar Garc\u00eda Landera, habl\u00f3 sobre la campa\u00f1a solidaria \u201cDona leche, da vida\u201d, las necesidades de la instituci\u00f3n y el esp\u00edritu solidario de la comunidad necochense. Lo hizo durante una nota telef\u00f3nica realizada por el periodista Jorge G\u00f3mez en \u201cVoces de la Ciudad\u201d. Celina, colombiana pero radicada [&hellip;]<\/p>\n","protected":false},"author":3,"featured_media":98255,"comment_status":"closed","ping_status":"closed","sticky":false,"template":"","format":"standard","meta":{"footnotes":""},"categories":[3],"tags":[],"class_list":["post-98254","post","type-post","status-publish","format-standard","has-post-thumbnail","category-masnoticias"],"_links":{"self":[{"href":"https:\/\/primicias2262.com\/noticias\/wp-json\/wp\/v2\/posts\/98254","targetHints":{"allow":["GET"]}}],"collection":[{"href":"https:\/\/primicias2262.com\/noticias\/wp-json\/wp\/v2\/posts"}],"about":[{"href":"https:\/\/primicias2262.com\/noticias\/wp-json\/wp\/v2\/types\/post"}],"author":[{"embeddable":true,"href":"https:\/\/primicias2262.com\/noticias\/wp-json\/wp\/v2\/users\/3"}],"replies":[{"embeddable":true,"href":"https:\/\/primicias2262.com\/noticias\/wp-json\/wp\/v2\/comments?post=98254"}],"version-history":[{"count":0,"href":"https:\/\/primicias2262.com\/noticias\/wp-json\/wp\/v2\/posts\/98254\/revisions"}],"wp:attachment":[{"href":"https:\/\/primicias2262.com\/noticias\/wp-json\/wp\/v2\/media?parent=98254"}],"wp:term":[{"taxonomy":"category","embeddable":true,"href":"https:\/\/primicias2262.com\/noticias\/wp-json\/wp\/v2\/categories?post=98254"},{"taxonomy":"post_tag","embeddable":true,"href":"https:\/\/primicias2262.com\/noticias\/wp-json\/wp\/v2\/tags?post=98254"}],"curies":[{"name":"wp","href":"https:\/\/api.w.org\/{rel}","templated":true}]}}