{"id":98277,"date":"2023-03-07T12:48:40","date_gmt":"2023-03-07T15:48:40","guid":{"rendered":"https:\/\/primicias2262.com\/?p=98277"},"modified":"2023-03-07T12:48:40","modified_gmt":"2023-03-07T15:48:40","slug":"se-viene-el-bautismo-y-la-botadura-del-buque-pesquero-artesanal-natanael-ii","status":"publish","type":"post","link":"https:\/\/primicias2262.com\/noticias\/se-viene-el-bautismo-y-la-botadura-del-buque-pesquero-artesanal-natanael-ii\/","title":{"rendered":"Se viene el bautismo y la botadura del buque pesquero artesanal \u00abNATANAEL II\u00bb"},"content":{"rendered":"<p><strong>La sencilla ceremonia tendr\u00e1 lugar este s\u00e1bado 11 de marzo a partir de las 9 de la ma\u00f1ana en instalaciones del Astillero ALON CAR S.A., situado en Quequ\u00e9n.<\/strong><\/p>\n<p><strong>Por Jorge G\u00f3mez<\/strong><\/p>\n<p><a href=\"https:\/\/primicias2262.com\/wp-content\/uploads\/2021\/08\/Gomez.jpg\"><img loading=\"lazy\" decoding=\"async\" class=\"alignleft size-thumbnail wp-image-80409\" src=\"https:\/\/primicias2262.com\/wp-content\/uploads\/2021\/08\/Gomez-150x150.jpg\" alt=\"\" width=\"150\" height=\"150\" \/><\/a>Este s\u00e1bado 11 de marzo a las 9 de la ma\u00f1ana, en instalaciones del Astillero ALON CAR S.A., sitas en Quequ\u00e9n, se realizar\u00e1 la ceremonia de bautismo y botadura del buque pesquero artesanal \u00abNATANAEL II\u00bb.<br \/>\nEl citado astillero junto a la D\u00e1rsena de Servicios de Puerto Quequ\u00e9n S.A. -agencia mar\u00edtima- y la firma INA Ingenier\u00eda, acompa\u00f1ando al propietario Claudio Mart\u00ednez, dieron cuenta de pormenores de la mencionada ceremonia, la que tendr\u00e1 lugar en la banquina de la margen Quequ\u00e9n, situada a la altura de la calle 546 N\u00ba 600.<\/p>\n","protected":false},"excerpt":{"rendered":"<p>La sencilla ceremonia tendr\u00e1 lugar este s\u00e1bado 11 de marzo a partir de las 9 de la ma\u00f1ana en instalaciones del Astillero ALON CAR S.A., situado en Quequ\u00e9n. Por Jorge G\u00f3mez Este s\u00e1bado 11 de marzo a las 9 de la ma\u00f1ana, en instalaciones del Astillero ALON CAR S.A., sitas en Quequ\u00e9n, se realizar\u00e1 la [&hellip;]<\/p>\n","protected":false},"author":3,"featured_media":98278,"comment_status":"closed","ping_status":"closed","sticky":false,"template":"","format":"standard","meta":{"footnotes":""},"categories":[3],"tags":[],"class_list":["post-98277","post","type-post","status-publish","format-standard","has-post-thumbnail","category-masnoticias"],"_links":{"self":[{"href":"https:\/\/primicias2262.com\/noticias\/wp-json\/wp\/v2\/posts\/98277","targetHints":{"allow":["GET"]}}],"collection":[{"href":"https:\/\/primicias2262.com\/noticias\/wp-json\/wp\/v2\/posts"}],"about":[{"href":"https:\/\/primicias2262.com\/noticias\/wp-json\/wp\/v2\/types\/post"}],"author":[{"embeddable":true,"href":"https:\/\/primicias2262.com\/noticias\/wp-json\/wp\/v2\/users\/3"}],"replies":[{"embeddable":true,"href":"https:\/\/primicias2262.com\/noticias\/wp-json\/wp\/v2\/comments?post=98277"}],"version-history":[{"count":0,"href":"https:\/\/primicias2262.com\/noticias\/wp-json\/wp\/v2\/posts\/98277\/revisions"}],"wp:attachment":[{"href":"https:\/\/primicias2262.com\/noticias\/wp-json\/wp\/v2\/media?parent=98277"}],"wp:term":[{"taxonomy":"category","embeddable":true,"href":"https:\/\/primicias2262.com\/noticias\/wp-json\/wp\/v2\/categories?post=98277"},{"taxonomy":"post_tag","embeddable":true,"href":"https:\/\/primicias2262.com\/noticias\/wp-json\/wp\/v2\/tags?post=98277"}],"curies":[{"name":"wp","href":"https:\/\/api.w.org\/{rel}","templated":true}]}}