{"id":98281,"date":"2023-03-11T10:11:43","date_gmt":"2023-03-11T13:11:43","guid":{"rendered":"https:\/\/primicias2262.com\/?p=98281"},"modified":"2023-03-11T10:11:43","modified_gmt":"2023-03-11T13:11:43","slug":"siento-que-tengo-el-respaldo-de-quien-va-ser-gobernador-diego-santilli","status":"publish","type":"post","link":"https:\/\/primicias2262.com\/noticias\/siento-que-tengo-el-respaldo-de-quien-va-ser-gobernador-diego-santilli\/","title":{"rendered":"\u201cSiento que tengo el respaldo de quien va ser gobernador, Diego Santilli\u201d"},"content":{"rendered":"<p><strong>As\u00ed lo expres\u00f3 el precandidato a intendente por Juntos, Mart\u00edn Migueles, al dialogar con el periodista Jorge G\u00f3mez en \u201cVoces de la Ciudad\u201d de c\u00f3mo avanza el proyecto de su precandidatura. El expresidente de la Usina se mostr\u00f3 confiado en que Santilli pueda ganar la gobernaci\u00f3n y habl\u00f3 sosbre sus principales proyectos para Necochea.<\/strong><\/p>\n<p>Al ser consultado telef\u00f3nicamente por c\u00f3mo pinta la evoluci\u00f3n de su precandidatura a intendente, expres\u00f3 que \u201cpor suerte lo empec\u00e9 como quer\u00eda, en el sentido de que estuve un tiempo estudiando en profundidad e intercambiando opiniones con ingenieros de primer\u00edsimo nivel sobre cinco temas importantes de la ciudad\u201d, acerca de lo que puntualiz\u00f3: \u201cAntes de largar mi decisi\u00f3n pol\u00edtica a ser intendente ya ten\u00eda estudiados los temas que son imprescindibles para la ciudad, como la planta de tratamiento de efluentes cloacales, el agua de la ciudad, el basural a cielo abierto que contamina al medio ambiente; la erosi\u00f3n costera en Quequ\u00e9n, un problema en el que tenemos que actuar y no seguir esperando m\u00e1s; y la extensi\u00f3n de las playas por Av. 2 hacia el Balneario Los \u00c1ngeles\u201d.<\/p>\n<p>Al instante asegur\u00f3 que \u201cson temas que vamos a pulir y vamos a seguir avanzando, y siento que tengo el respaldo de quien va a ser gobernador, Diego Santilli, quien es una persona de bien y conoce mucho\u201d, a lo que agreg\u00f3: \u201cCreo que en Necochea y Quequ\u00e9n hay que apuntar mucho a la seguridad, ac\u00e1 nos tenemos que poner firmes con ese tema y ser responsables, no podemos entregarle la ciudad a las banditas que roban, a los motochorros o a las drogas\u201d.<\/p>\n<p><a href=\"https:\/\/primicias2262.com\/wp-content\/uploads\/2023\/02\/martin-migueles2.jpeg\"><img loading=\"lazy\" decoding=\"async\" class=\"alignleft size-medium wp-image-97383\" src=\"https:\/\/primicias2262.com\/wp-content\/uploads\/2023\/02\/martin-migueles2-300x225.jpeg\" alt=\"\" width=\"300\" height=\"225\" \/><\/a>A\u00f1adi\u00f3 seguidamente que \u201ccreo que el nuevo pa\u00eds que se avecina es un pa\u00eds comprometido, hay que cortar con los curros, los negocios que tanto da\u00f1o le hacen a nuestra ciudad y voy por eso, por transparencia absoluta en la gesti\u00f3n; que todos los ciudadanos a trav\u00e9s del sistema digital pueda controlar los movimientos del municipio, y vamos a tratar de hacer cosas positivas de la ciudad\u201d.<\/p>\n<p>Finalmente, Migueles asegur\u00f3 que \u201cen mi campa\u00f1a va a estar el hospital municipal por supuesto, una reforma de salud que es necesario e imprenscindibles, son temas de trabajo a mediano plazo\u2026 si uno lo inicia hay que tener la mentalidad de concretarlo, no son temas pol\u00edticos, sino de salud, y creo que en esto tanto el oficialismo y la oposici\u00f3n tenemos que estar de acuerdo porque es para mejorar la calidad de vida de todos los ciudadanos\u201d.<\/p>\n","protected":false},"excerpt":{"rendered":"<p>As\u00ed lo expres\u00f3 el precandidato a intendente por Juntos, Mart\u00edn Migueles, al dialogar con el periodista Jorge G\u00f3mez en \u201cVoces de la Ciudad\u201d de c\u00f3mo avanza el proyecto de su precandidatura. El expresidente de la Usina se mostr\u00f3 confiado en que Santilli pueda ganar la gobernaci\u00f3n y habl\u00f3 sosbre sus principales proyectos para Necochea. Al [&hellip;]<\/p>\n","protected":false},"author":3,"featured_media":92076,"comment_status":"closed","ping_status":"closed","sticky":false,"template":"","format":"standard","meta":{"footnotes":""},"categories":[3],"tags":[],"class_list":["post-98281","post","type-post","status-publish","format-standard","has-post-thumbnail","category-masnoticias"],"_links":{"self":[{"href":"https:\/\/primicias2262.com\/noticias\/wp-json\/wp\/v2\/posts\/98281","targetHints":{"allow":["GET"]}}],"collection":[{"href":"https:\/\/primicias2262.com\/noticias\/wp-json\/wp\/v2\/posts"}],"about":[{"href":"https:\/\/primicias2262.com\/noticias\/wp-json\/wp\/v2\/types\/post"}],"author":[{"embeddable":true,"href":"https:\/\/primicias2262.com\/noticias\/wp-json\/wp\/v2\/users\/3"}],"replies":[{"embeddable":true,"href":"https:\/\/primicias2262.com\/noticias\/wp-json\/wp\/v2\/comments?post=98281"}],"version-history":[{"count":0,"href":"https:\/\/primicias2262.com\/noticias\/wp-json\/wp\/v2\/posts\/98281\/revisions"}],"wp:attachment":[{"href":"https:\/\/primicias2262.com\/noticias\/wp-json\/wp\/v2\/media?parent=98281"}],"wp:term":[{"taxonomy":"category","embeddable":true,"href":"https:\/\/primicias2262.com\/noticias\/wp-json\/wp\/v2\/categories?post=98281"},{"taxonomy":"post_tag","embeddable":true,"href":"https:\/\/primicias2262.com\/noticias\/wp-json\/wp\/v2\/tags?post=98281"}],"curies":[{"name":"wp","href":"https:\/\/api.w.org\/{rel}","templated":true}]}}