{"id":98284,"date":"2023-03-11T09:10:40","date_gmt":"2023-03-11T12:10:40","guid":{"rendered":"https:\/\/primicias2262.com\/?p=98284"},"modified":"2023-03-11T09:10:40","modified_gmt":"2023-03-11T12:10:40","slug":"inscriben-para-catequesis-en-la-parroquia-santa-maria-del-carmen","status":"publish","type":"post","link":"https:\/\/primicias2262.com\/noticias\/inscriben-para-catequesis-en-la-parroquia-santa-maria-del-carmen\/","title":{"rendered":"Inscriben para catequesis en la Parroquia Santa Mar\u00eda del Carmen"},"content":{"rendered":"<p><strong>Ana, una de las integrantes del cuerpo de catequistas de la parroquia del centro, inform\u00f3 durante una nota telef\u00f3nica realizada por el periodista Jorge G\u00f3mez en \u201cVoces de la Ciudad\u201d que se hace una pre inscripci\u00f3n por WhatsApp y desde el lunes venidero de forma presencial en la librer\u00eda parroquial.<\/strong><\/p>\n<p>Acerca de la convocatoria, se\u00f1al\u00f3 que \u201ctuvimos un periodo de pre inscripci\u00f3n por el WhatsApp de la parroquia (2262-589589) y despu\u00e9s los invitamos a pasar personalmente en la semana de inscripci\u00f3n para que puedan elegir el d\u00eda y el horario de su comodidad para poder hacer la catequesis\u201d.<\/p>\n<p><a href=\"https:\/\/primicias2262.com\/wp-content\/uploads\/2023\/03\/catequesis-santa-maria-del-carmen2.jpg\"><img loading=\"lazy\" decoding=\"async\" class=\"aligncenter size-large wp-image-98287\" src=\"https:\/\/primicias2262.com\/wp-content\/uploads\/2023\/03\/catequesis-santa-maria-del-carmen2-1024x576.jpg\" alt=\"\" width=\"696\" height=\"392\" \/><\/a>Por lo tanto, para anotarse personalmente se podr\u00e1 ir del venidero lunes 13 al viernes 17 de marzo por el port\u00f3n verde, al lado de la parroquia de calle 61 N\u00ba 2663, entre 58 y 60. \u201cAh\u00ed donde est\u00e1 la librer\u00eda parroquial, de 17 a 19, los vamos a estar esperando, est\u00e1 dirigido a ni\u00f1os y ni\u00f1as de 3\u00ba y 4\u00ba A\u00f1o de la escuela primaria\u201d, acot\u00f3.<\/p>\n<p>Sobre las posibilidades disponibles, dio cuenta de un abanico amplio: \u201cTenemos un equipo de catequistas muy numerosos y tenemos para ofrecer casi todos los d\u00edas de la semana y horarios muy c\u00f3modos, son varios equipos que formamos, de martes a jueves hay horarios disponibles\u201d.<\/p>\n<p>Finalmente, Ana manifest\u00f3 que \u201ccon el tema de que la pandemia se est\u00e1 disipando y ya no tenemos cupos tan limitados, as\u00ed que estamos expectantes difundiendo esta oferta de catequesis, estamos con muchas ganas y muy contentos, el a\u00f1o pasado m\u00e1s de 50 nenes y nenas recibieron pudieron recibir el sacramento de la confirmaci\u00f3n y la comuni\u00f3n\u201d.<\/p>\n<p><a href=\"https:\/\/primicias2262.com\/wp-content\/uploads\/2023\/03\/afiche-catequesis.jpeg\"><img loading=\"lazy\" decoding=\"async\" class=\"aligncenter size-large wp-image-98285\" src=\"https:\/\/primicias2262.com\/wp-content\/uploads\/2023\/03\/afiche-catequesis-724x1024.jpeg\" alt=\"\" width=\"696\" height=\"984\" \/><\/a><\/p>\n","protected":false},"excerpt":{"rendered":"<p>Ana, una de las integrantes del cuerpo de catequistas de la parroquia del centro, inform\u00f3 durante una nota telef\u00f3nica realizada por el periodista Jorge G\u00f3mez en \u201cVoces de la Ciudad\u201d que se hace una pre inscripci\u00f3n por WhatsApp y desde el lunes venidero de forma presencial en la librer\u00eda parroquial. Acerca de la convocatoria, se\u00f1al\u00f3 [&hellip;]<\/p>\n","protected":false},"author":3,"featured_media":98286,"comment_status":"closed","ping_status":"closed","sticky":false,"template":"","format":"standard","meta":{"footnotes":""},"categories":[3],"tags":[],"class_list":["post-98284","post","type-post","status-publish","format-standard","has-post-thumbnail","category-masnoticias"],"_links":{"self":[{"href":"https:\/\/primicias2262.com\/noticias\/wp-json\/wp\/v2\/posts\/98284","targetHints":{"allow":["GET"]}}],"collection":[{"href":"https:\/\/primicias2262.com\/noticias\/wp-json\/wp\/v2\/posts"}],"about":[{"href":"https:\/\/primicias2262.com\/noticias\/wp-json\/wp\/v2\/types\/post"}],"author":[{"embeddable":true,"href":"https:\/\/primicias2262.com\/noticias\/wp-json\/wp\/v2\/users\/3"}],"replies":[{"embeddable":true,"href":"https:\/\/primicias2262.com\/noticias\/wp-json\/wp\/v2\/comments?post=98284"}],"version-history":[{"count":0,"href":"https:\/\/primicias2262.com\/noticias\/wp-json\/wp\/v2\/posts\/98284\/revisions"}],"wp:attachment":[{"href":"https:\/\/primicias2262.com\/noticias\/wp-json\/wp\/v2\/media?parent=98284"}],"wp:term":[{"taxonomy":"category","embeddable":true,"href":"https:\/\/primicias2262.com\/noticias\/wp-json\/wp\/v2\/categories?post=98284"},{"taxonomy":"post_tag","embeddable":true,"href":"https:\/\/primicias2262.com\/noticias\/wp-json\/wp\/v2\/tags?post=98284"}],"curies":[{"name":"wp","href":"https:\/\/api.w.org\/{rel}","templated":true}]}}