{"id":98289,"date":"2023-03-11T10:09:05","date_gmt":"2023-03-11T13:09:05","guid":{"rendered":"https:\/\/primicias2262.com\/?p=98289"},"modified":"2023-03-11T10:09:05","modified_gmt":"2023-03-11T13:09:05","slug":"el-ex-comercial-convoca-a-la-presentacion-de-propuestas-para-imponer-un-nombre-al-establecimiento","status":"publish","type":"post","link":"https:\/\/primicias2262.com\/noticias\/el-ex-comercial-convoca-a-la-presentacion-de-propuestas-para-imponer-un-nombre-al-establecimiento\/","title":{"rendered":"El ex Comercial convoca a la presentaci\u00f3n de propuestas para imponer un nombre al establecimiento"},"content":{"rendered":"<p><strong>El director de la Escuela de Educaci\u00f3n Secundaria N\u00ba 7, Marcelo Bruno, cont\u00f3 los detalles de la convocatoria y sus requisitos, lo que derivar\u00e1 en una jornada democr\u00e1tica a realizarse antes de que culmine este primer semestre de 2023. El directivo visit\u00f3 los estudios de \u201cVoces de la Ciudad\u201d y charl\u00f3 en nota con el periodista Jorge G\u00f3mez.<\/strong><\/p>\n<p>Acerca de la convocatoria para ponerle un nombre propio al ex Comercial, ubicado en 58 entre 55 y 57, Bruno se\u00f1alo inicialmente que \u201cesto obedece a una resoluci\u00f3n de la provincia de Buenos Aires del a\u00f1o 2011, en la que se sugiere que los establecimientos educativos que no llevan nombre propio pueden a trav\u00e9s de un mecanismo democr\u00e1tico imponer el nombre a la instituci\u00f3n\u201d.<\/p>\n<p>Acto seguido, revel\u00f3: \u201cEste a\u00f1o se nos ocurri\u00f3 este proyecto, que lo ten\u00edamos pensado de a\u00f1os anteriores, pero a 40 a\u00f1os de la Democracia nos pareci\u00f3 que era el a\u00f1o ideal para avanzar en esta resoluci\u00f3n. En el imaginario de la ciudad, todo el mundo reconoce la Secundaria N\u00ba 7 como el Comercial, antiguamente era la escuela Nacional de Comercio, pero todo el mundo se toma un rem\u00eds al colegio y dice \u201cllevame al Comercial\u201d.<\/p>\n<p><a href=\"https:\/\/primicias2262.com\/wp-content\/uploads\/2023\/03\/escuela-secundaria-7-3.jpg\"><img loading=\"lazy\" decoding=\"async\" class=\"aligncenter size-full wp-image-98291\" src=\"https:\/\/primicias2262.com\/wp-content\/uploads\/2023\/03\/escuela-secundaria-7-3.jpg\" alt=\"\" width=\"960\" height=\"540\" \/><\/a>En cuanto al proyecto, inform\u00f3 que \u201cson 60 d\u00edas que se iniciaron desde el 1\u00ba de marzo y tendremos hasta el 30 de abril para recibir propuestas de nombres\u2026 son dos meses que tendremos la propuesta abierta y cualquier vecino de la ciudad puede proponer un nombre para la escuela, el requisito es armar una fundamentaci\u00f3n sencilla de por qu\u00e9 propone ese nombre y llevarlo en un sobre cerrado a la escuela\u201d.<\/p>\n<p>Respecto a la herramienta democr\u00e1tica para elegir posteriormente, aclar\u00f3 que \u201cvamos a hacer una elecci\u00f3n abierta a toda la comunidad con los nombres elegidos y la gente se podr\u00e1 acercar a votar ese d\u00eda a la escuela, que ser\u00e1 entre mayo y junio. Votar\u00e1 la comunidad educativa, los chicos, los docentes, exalumnos, y pueden votar los vecinos y cualquier persona que viva en la ciudad y quiera acercarse ese d\u00eda a la escuela a votar\u201d.<\/p>\n<p>A continuaci\u00f3n, Bruno se\u00f1al\u00f3 que hay una serie de limitaciones para la menci\u00f1on, por ejemplo, \u201ca veces se asocia el nombre de una instituci\u00f3n con un nombre propio y no necesariamente tenga que serlo\u2026 puede ser una frase; puede ser una fecha hist\u00f3rica; si va ser el nombre de una persona la condici\u00f3n de la resoluci\u00f3n indica que tiene que ser una persona fallecida y que hayan pasado 10 a\u00f1os de su fallecimiento; puede ser el nombre de una naci\u00f3n extranjera que tenga lazos con la Rep\u00fablica Argentina de alguna forma. Las posibilidades son varias\u201d.<\/p>\n<p><a href=\"https:\/\/primicias2262.com\/wp-content\/uploads\/2023\/03\/marcelo-bruno.jpeg\"><img loading=\"lazy\" decoding=\"async\" class=\"alignleft size-medium wp-image-98293\" src=\"https:\/\/primicias2262.com\/wp-content\/uploads\/2023\/03\/marcelo-bruno-300x225.jpeg\" alt=\"\" width=\"300\" height=\"225\" \/><\/a>\u201cDespu\u00e9s de la elecci\u00f3n, cuando llegue la resoluci\u00f3n con el nombre m\u00e1s votado haremos una ceremonia\u201d, concluy\u00f3 el directivo de una escuela que tiene 915 alumnos distribuidos en 32 secciones, de 1\u00ba a 6\u00ba a\u00f1o, cuenta con 165 profesores, 11 auxiliares y tres integrantes del equipo directivo y secretarias. \u201cLa escuela es muy grande y mantiene su orientaci\u00f3n cl\u00e1sica que es Econom\u00eda y Administraci\u00f3n, de la que antiguamente egresaban peritos mercantiles y actualmente bachilleres en Econom\u00eda y Administraci\u00f3n\u201d, agreg\u00f3.<\/p>\n<p><strong>Sobre el concurso<\/strong><\/p>\n<p><strong>Los nombres que se propongan deber\u00e1n destacar:<\/strong><\/p>\n<p>-La vida y obra de personas de reconocidas virtudes c\u00edvicas que, con la calidad y ejemplaridad de su accionar, permitieron un mejor desarrollo comunitario \u2013 en escala local, provincial, nacional, latinoamericana o de reconocimiento mundial.<\/p>\n<p>-Un lugar, un hecho o una fecha significativa, a\u00fan aquellas que se encuentren previstas en el calendario escolar que registre nuestro pa\u00eds o nuestra provincia en particular, siempre respetando los principios constitucionales.<\/p>\n<p>-Una Naci\u00f3n extranjera, que adem\u00e1s de vincularse a nuestra nacionalidad por lazos de amistad, lo sea por tradici\u00f3n hist\u00f3rica, por v\u00ednculos de sangre, \u00e9tnicos, de inmigraci\u00f3n o de comunidad de valores que contribuyan a la permanente integraci\u00f3n material y espiritual de sus pueblos.<\/p>\n<p>-Se podr\u00e1n imponer en lenguas originarias nombres que refieran a un lugar y\/o de personas de reconocidas virtudes, ya que se persigue la reivindicaci\u00f3n de los pueblos originarios, garantizando el respeto a sus identidades \u00e9tnicas.<\/p>\n<p><strong>Restricciones:<\/strong><\/p>\n<p>-No podr\u00e1 imponerse igual nombre a establecimientos educativos de un mismo nivel y\/o modalidad en un mismo distrito de la provincia.<\/p>\n<p>-No podr\u00e1 identificarse ninguna instituci\u00f3n educativa con el nombre de hombres o mujeres que hayan sido condenados por delitos de lesa humanidad, aun cuando se hubieren beneficiado con indulto o conmutaci\u00f3n de la pena.<\/p>\n<p>-Las instituciones educativas no podr\u00e1n tener nombres referidos a marcas comerciales o emblemas corporativos.<\/p>\n<p>-Deber\u00e1n evitarse para los nombres elegidos para los establecimientos palabras extranjeras toda vez que estas tengan su equivalente en espa\u00f1ol.<\/p>\n<p>Para la imposici\u00f3n de nombres de personas deber\u00e1 haber transcurrido un lapso no menor a diez a\u00f1os desde su fallecimiento.<\/p>\n<p>-La convocatoria para la presentaci\u00f3n de propuestas, podr\u00e1 realizarse en forma individual o grupal, habiendo un lapso de 60 (sesenta) d\u00edas para la misma.<\/p>\n<p>-Las propuestas de nombres, deber\u00e1n presentarse en la Direcci\u00f3n del establecimiento, en un sobre cerrado, con una fundamentaci\u00f3n por escrito.<\/p>\n<p>-El plazo para la presentaci\u00f3n de las propuestas ser\u00e1 entre el 1\u00b0 de marzo y el 30 de abril de 2023.<\/p>\n","protected":false},"excerpt":{"rendered":"<p>El director de la Escuela de Educaci\u00f3n Secundaria N\u00ba 7, Marcelo Bruno, cont\u00f3 los detalles de la convocatoria y sus requisitos, lo que derivar\u00e1 en una jornada democr\u00e1tica a realizarse antes de que culmine este primer semestre de 2023. El directivo visit\u00f3 los estudios de \u201cVoces de la Ciudad\u201d y charl\u00f3 en nota con el [&hellip;]<\/p>\n","protected":false},"author":3,"featured_media":98292,"comment_status":"closed","ping_status":"closed","sticky":false,"template":"","format":"standard","meta":{"footnotes":""},"categories":[3],"tags":[],"class_list":["post-98289","post","type-post","status-publish","format-standard","has-post-thumbnail","category-masnoticias"],"_links":{"self":[{"href":"https:\/\/primicias2262.com\/noticias\/wp-json\/wp\/v2\/posts\/98289","targetHints":{"allow":["GET"]}}],"collection":[{"href":"https:\/\/primicias2262.com\/noticias\/wp-json\/wp\/v2\/posts"}],"about":[{"href":"https:\/\/primicias2262.com\/noticias\/wp-json\/wp\/v2\/types\/post"}],"author":[{"embeddable":true,"href":"https:\/\/primicias2262.com\/noticias\/wp-json\/wp\/v2\/users\/3"}],"replies":[{"embeddable":true,"href":"https:\/\/primicias2262.com\/noticias\/wp-json\/wp\/v2\/comments?post=98289"}],"version-history":[{"count":0,"href":"https:\/\/primicias2262.com\/noticias\/wp-json\/wp\/v2\/posts\/98289\/revisions"}],"wp:attachment":[{"href":"https:\/\/primicias2262.com\/noticias\/wp-json\/wp\/v2\/media?parent=98289"}],"wp:term":[{"taxonomy":"category","embeddable":true,"href":"https:\/\/primicias2262.com\/noticias\/wp-json\/wp\/v2\/categories?post=98289"},{"taxonomy":"post_tag","embeddable":true,"href":"https:\/\/primicias2262.com\/noticias\/wp-json\/wp\/v2\/tags?post=98289"}],"curies":[{"name":"wp","href":"https:\/\/api.w.org\/{rel}","templated":true}]}}