{"id":98300,"date":"2023-03-11T09:30:08","date_gmt":"2023-03-11T12:30:08","guid":{"rendered":"https:\/\/primicias2262.com\/?p=98300"},"modified":"2023-03-11T09:30:08","modified_gmt":"2023-03-11T12:30:08","slug":"playas-de-necochea-es-un-torneo-que-tiene-mucha-historia-valoro-rojas-en-la-apertura","status":"publish","type":"post","link":"https:\/\/primicias2262.com\/noticias\/playas-de-necochea-es-un-torneo-que-tiene-mucha-historia-valoro-rojas-en-la-apertura\/","title":{"rendered":"Playas de Necochea: \u201cEs un torneo que tiene mucha historia\u201d valor\u00f3 Rojas en la apertura"},"content":{"rendered":"<p><strong>El torneo de ajedrez por equipos m\u00e1s importante del pa\u00eds y uno de los m\u00e1s longevos de Sudam\u00e9rica vuelve a jugarse tras cinco a\u00f1os. En el Centro Cultural de la ciudad, Arturo Rojas resalt\u00f3 la importancia de esta 64\u00ba edici\u00f3n del \u201cPlayas\u201d: \u201cEs un torneo de mucha historia y estamos gustosos de acompa\u00f1arlos\u201d.<\/strong><\/p>\n<p>Tras una pausa de cinco a\u00f1os, fundamentalmente por la cuesti\u00f3n de la pandemia, volvi\u00f3 un cl\u00e1sico de cada verano local: el \u201cPlayas de Necochea\u201d, el tradicional torneo de ajedrez por equipos que organiza el Club de Ajedrez de Necochea, que ya llega a su 64\u00ba edici\u00f3n y que en la jornada inaugural cont\u00f3 con el acompa\u00f1amiento del intendente Arturo Rojas.<\/p>\n<p>El regreso del \u201cPlayas\u201d se lleva a cabo en las instalaciones del Centro Cultural, donde se jugar\u00e1 hasta este domingo 12 con cientos de participantes. En la apertura, acompa\u00f1ado del presidente del Honorable Concejo Deliberante, Guillermo S\u00e1nchez, el Intendente tom\u00f3 la palabra en la inauguraci\u00f3n y expres\u00f3 que \u201cen nombre de la Municipalidad quer\u00edamos darles la bienvenida y agradecerles a cada uno de los equipos y participantes que han venido de diferentes puntos, para nosotros es un honor recibirlos en nuestra ciudad\u201d.<\/p>\n<p><a href=\"https:\/\/primicias2262.com\/wp-content\/uploads\/2023\/03\/11-03-FOTO-Rojas-Playas-de-Necochea4.jpg\"><img loading=\"lazy\" decoding=\"async\" class=\"aligncenter size-large wp-image-98310\" src=\"https:\/\/primicias2262.com\/wp-content\/uploads\/2023\/03\/11-03-FOTO-Rojas-Playas-de-Necochea4-1024x768.jpg\" alt=\"\" width=\"696\" height=\"522\" \/><\/a><\/p>\n<p>Asimismo, resalt\u00f3 a todo el equipo del Centro Cultural por siempre prestar sus instalaciones para diferentes eventos; y a los organizadores del Club de Ajedrez: \u201cCuando nos vinieron a ver sab\u00edamos que era un desaf\u00edo importante el poder volver despu\u00e9s de tanto tiempo de no haber llevado adelante este torneo por la pandemia, no era f\u00e1cil, hab\u00eda que cubrir expectativas y volver a convocar a muchos equipos para sumarse a un torneo que tiene mucha historia\u201d, manifest\u00f3 Rojas. En ese sentido, desde el esperaban a unos 16 equipos y en total son 35, por lo que las expectativas se superaron ampliamente.<\/p>\n<p>Seguidamente, el Intendente valor\u00f3 que \u201ces la edici\u00f3n N\u00ba 64 del \u201cPlayas\u201d y desde la Municipalidad estamos muy gustosos de acompa\u00f1arlos, ojala este tipo de eventos se pueda desarrollar todos los a\u00f1os con mayor volumen\u201d.<\/p>\n<figure id=\"attachment_98308\" aria-describedby=\"caption-attachment-98308\" style=\"width: 696px\" class=\"wp-caption aligncenter\"><a href=\"https:\/\/primicias2262.com\/wp-content\/uploads\/2023\/03\/11-03-FOTO-Rojas-Playas-de-Necochea-scaled.jpeg\"><img loading=\"lazy\" decoding=\"async\" class=\"size-large wp-image-98308\" src=\"https:\/\/primicias2262.com\/wp-content\/uploads\/2023\/03\/11-03-FOTO-Rojas-Playas-de-Necochea-1024x639.jpeg\" alt=\"\" width=\"696\" height=\"434\" \/><\/a><figcaption id=\"caption-attachment-98308\" class=\"wp-caption-text\">Exif_JPEG_420<\/figcaption><\/figure>\n<p>Finalmente, se dirigi\u00f3 a los visitantes, que han llegado de puntos como Balcarce, Olavarr\u00eda, Mar del Plata, Pehuaj\u00f3, Coronel Pringles, Azul y Chacabuco, o de otras provincias como Tierra del Fuego (Ushuaia) y Neuqu\u00e9n: \u201cA los que han venido con sus familias, habr\u00e1 momentos donde tengan la posibilidad de conocer nuestra hermosa ciudad y aprovechen a disfrutar de la playa, que tenemos una de las m\u00e1s lindas de Argentina; pueden ir a conocer el Puerto, con un mont\u00f3n de paradores de gastronom\u00eda y eventos culturales; el Parque Miguel Lillo, con 640 hect\u00e1reas para caminar y disfrutar; el R\u00edo Quequ\u00e9n y toda la belleza que tenemos en la ciudad. Ojala que el a\u00f1o pr\u00f3ximo nos encontremos de nuevo ac\u00e1 con m\u00e1s participantes y equipos y que ustedes puedan elegir Necochea para vacacionar, que siempre ser\u00e1n bienvenidos\u201d, concluy\u00f3.<\/p>\n<p>Antes del Intendente, abri\u00f3 la jornada el presidente del Club de Ajedrez, Pablo Bagal\u00e1, quien destac\u00f3 tres patas fundamentales para el retorno del \u201cPlayas de Necochea\u201d: \u201cel Centro Cultural con Alberto Franco con; la familia Ferrero con su Hotel Horizonte, y la Municipalidad de Necochea, que est\u00e1 representada por el Intendente y el presidente del Concejo Deliberante\u201d.<\/p>\n","protected":false},"excerpt":{"rendered":"<p>El torneo de ajedrez por equipos m\u00e1s importante del pa\u00eds y uno de los m\u00e1s longevos de Sudam\u00e9rica vuelve a jugarse tras cinco a\u00f1os. En el Centro Cultural de la ciudad, Arturo Rojas resalt\u00f3 la importancia de esta 64\u00ba edici\u00f3n del \u201cPlayas\u201d: \u201cEs un torneo de mucha historia y estamos gustosos de acompa\u00f1arlos\u201d. Tras una [&hellip;]<\/p>\n","protected":false},"author":3,"featured_media":98309,"comment_status":"closed","ping_status":"closed","sticky":false,"template":"","format":"standard","meta":{"footnotes":""},"categories":[3],"tags":[],"class_list":["post-98300","post","type-post","status-publish","format-standard","has-post-thumbnail","category-masnoticias"],"_links":{"self":[{"href":"https:\/\/primicias2262.com\/noticias\/wp-json\/wp\/v2\/posts\/98300","targetHints":{"allow":["GET"]}}],"collection":[{"href":"https:\/\/primicias2262.com\/noticias\/wp-json\/wp\/v2\/posts"}],"about":[{"href":"https:\/\/primicias2262.com\/noticias\/wp-json\/wp\/v2\/types\/post"}],"author":[{"embeddable":true,"href":"https:\/\/primicias2262.com\/noticias\/wp-json\/wp\/v2\/users\/3"}],"replies":[{"embeddable":true,"href":"https:\/\/primicias2262.com\/noticias\/wp-json\/wp\/v2\/comments?post=98300"}],"version-history":[{"count":0,"href":"https:\/\/primicias2262.com\/noticias\/wp-json\/wp\/v2\/posts\/98300\/revisions"}],"wp:attachment":[{"href":"https:\/\/primicias2262.com\/noticias\/wp-json\/wp\/v2\/media?parent=98300"}],"wp:term":[{"taxonomy":"category","embeddable":true,"href":"https:\/\/primicias2262.com\/noticias\/wp-json\/wp\/v2\/categories?post=98300"},{"taxonomy":"post_tag","embeddable":true,"href":"https:\/\/primicias2262.com\/noticias\/wp-json\/wp\/v2\/tags?post=98300"}],"curies":[{"name":"wp","href":"https:\/\/api.w.org\/{rel}","templated":true}]}}