{"id":98314,"date":"2023-03-21T10:00:30","date_gmt":"2023-03-21T13:00:30","guid":{"rendered":"https:\/\/primicias2262.com\/?p=98314"},"modified":"2023-03-21T10:00:30","modified_gmt":"2023-03-21T13:00:30","slug":"este-jueves-sera-el-lanzamiento-del-instituto-republica-regional-necochea","status":"publish","type":"post","link":"https:\/\/primicias2262.com\/noticias\/este-jueves-sera-el-lanzamiento-del-instituto-republica-regional-necochea\/","title":{"rendered":"Este jueves ser\u00e1 el lanzamiento del Instituto Rep\u00fablica &#8211; Regional Necochea"},"content":{"rendered":"<p><strong>La inauguraci\u00f3n del espacio en el local de calle 54 entre 57 y 59 ser\u00e1 a partir de las 18.30 y uno de sus responsables, Mart\u00edn Migueles, se\u00f1al\u00f3 que \u201cel espacio es abierto para toda la gente y queremos que sea un lugar de debate, estudio y de capacitaci\u00f3n\u201d.<\/strong><\/p>\n<p>El pr\u00f3ximo jueves 23 de marzo a las 18.30, ser\u00e1 el lanzamiento del Instituto Rep\u00fablica Regional Necochea, espacio al cual invita el concejal mandato cumplido y expresidente de la Usina Popular Cooperativa, Mart\u00edn Migueles.<\/p>\n<p>El ahora precandidato a intendente por Juntos, fue consultado sobre este tema por el periodista Jorge G\u00f3mez en una nota telef\u00f3nica en el programa \u201cVoces de la Ciudad\u201d, acerca de lo que manifest\u00f3 que \u201cestamos lanzando el instituto, que es un centro de formaci\u00f3n y capacitaci\u00f3n\u00a0 que tiene el PRO de Capital y queremos hacer lo mismo en Necochea para que todos los que comulguen nuestras ideas y nuestras ganas de cambiar la ciudad tengan un lugar para capacitarse, pensar en la ciudad y estudiar los temas en profundidad e manera cient\u00edfica\u201d.<\/p>\n<p><a href=\"https:\/\/primicias2262.com\/wp-content\/uploads\/2023\/03\/WhatsApp-Image-2023-03-15-at-9.10.54-AM.jpeg\"><img loading=\"lazy\" decoding=\"async\" class=\"aligncenter size-large wp-image-98403\" src=\"https:\/\/primicias2262.com\/wp-content\/uploads\/2023\/03\/WhatsApp-Image-2023-03-15-at-9.10.54-AM-1024x1024.jpeg\" alt=\"\" width=\"696\" height=\"696\" \/><\/a>Argument\u00f3 en ese sentido que \u201ctenemos que estudiar la ciudad de manera cient\u00edfica para resolver los problemas de fondo que tiene\u2026 vamos por esa necesidad y vamos a invitar a todo el mundo que quiera participar, la hago p\u00fablica a la invitaci\u00f3n por diferentes medios para que se sepa, es en calle 54 N\u00ba 2831, entre 57 y 59, al lado de Ocasiones V\u00edctor. El espacio es abierto para toda la gente y que la gente venga sin timidez\u201d.<\/p>\n<p>Para m\u00e1s informaci\u00f3n del instituto que tendr\u00e1 su seccional en nuestra ciudad se puede consultar la web <a href=\"http:\/\/www.instituto-republica.org\">www.instituto-republica.org<\/a> , y en Facebook @institutorepublicaok y lo mismo en Instagram; o en Twitter @insrepublicaok.<\/p>\n<p>\u201cQueremos que sea un lugar de debate, estudio y de capacitaci\u00f3n\u201d, afirm\u00f3 Migueles al concluir sobre el tema.<\/p>\n","protected":false},"excerpt":{"rendered":"<p>La inauguraci\u00f3n del espacio en el local de calle 54 entre 57 y 59 ser\u00e1 a partir de las 18.30 y uno de sus responsables, Mart\u00edn Migueles, se\u00f1al\u00f3 que \u201cel espacio es abierto para toda la gente y queremos que sea un lugar de debate, estudio y de capacitaci\u00f3n\u201d. El pr\u00f3ximo jueves 23 de marzo [&hellip;]<\/p>\n","protected":false},"author":3,"featured_media":98597,"comment_status":"closed","ping_status":"closed","sticky":false,"template":"","format":"standard","meta":{"footnotes":""},"categories":[3],"tags":[],"class_list":["post-98314","post","type-post","status-publish","format-standard","has-post-thumbnail","category-masnoticias"],"_links":{"self":[{"href":"https:\/\/primicias2262.com\/noticias\/wp-json\/wp\/v2\/posts\/98314","targetHints":{"allow":["GET"]}}],"collection":[{"href":"https:\/\/primicias2262.com\/noticias\/wp-json\/wp\/v2\/posts"}],"about":[{"href":"https:\/\/primicias2262.com\/noticias\/wp-json\/wp\/v2\/types\/post"}],"author":[{"embeddable":true,"href":"https:\/\/primicias2262.com\/noticias\/wp-json\/wp\/v2\/users\/3"}],"replies":[{"embeddable":true,"href":"https:\/\/primicias2262.com\/noticias\/wp-json\/wp\/v2\/comments?post=98314"}],"version-history":[{"count":0,"href":"https:\/\/primicias2262.com\/noticias\/wp-json\/wp\/v2\/posts\/98314\/revisions"}],"wp:attachment":[{"href":"https:\/\/primicias2262.com\/noticias\/wp-json\/wp\/v2\/media?parent=98314"}],"wp:term":[{"taxonomy":"category","embeddable":true,"href":"https:\/\/primicias2262.com\/noticias\/wp-json\/wp\/v2\/categories?post=98314"},{"taxonomy":"post_tag","embeddable":true,"href":"https:\/\/primicias2262.com\/noticias\/wp-json\/wp\/v2\/tags?post=98314"}],"curies":[{"name":"wp","href":"https:\/\/api.w.org\/{rel}","templated":true}]}}