{"id":98319,"date":"2023-03-13T13:16:30","date_gmt":"2023-03-13T16:16:30","guid":{"rendered":"https:\/\/primicias2262.com\/?p=98319"},"modified":"2023-03-13T13:16:30","modified_gmt":"2023-03-13T16:16:30","slug":"recorrida-y-satisfaccion-de-mauro-velazquez-ante-los-servicios-en-el-lago-de-los-cisnes","status":"publish","type":"post","link":"https:\/\/primicias2262.com\/noticias\/recorrida-y-satisfaccion-de-mauro-velazquez-ante-los-servicios-en-el-lago-de-los-cisnes\/","title":{"rendered":"Recorrida y satisfacci\u00f3n de Mauro Vel\u00e1zquez ante los servicios en el Lago de los Cisnes"},"content":{"rendered":"<p><strong>El presidente del interbloque de concejales del Frente de Todos y precandidato a intendente realiz\u00f3 una recorrida por esta concesi\u00f3n municipal, donde fue recibido por Daniel Carri\u00f3n, integrante de la firma a cargo del sitio. \u201cEs un orgullo ver c\u00f3mo han transformado el lugar\u201d, opin\u00f3 el edil.<\/strong><\/p>\n<p><strong>Por Jorge G\u00f3mez<\/strong><\/p>\n<p><a href=\"https:\/\/primicias2262.com\/wp-content\/uploads\/2021\/08\/Gomez.jpg\"><img loading=\"lazy\" decoding=\"async\" class=\"alignleft size-thumbnail wp-image-80409\" src=\"https:\/\/primicias2262.com\/wp-content\/uploads\/2021\/08\/Gomez-150x150.jpg\" alt=\"\" width=\"150\" height=\"150\" \/><\/a>El presidente del interbloque de concejales del Frente de Todos de Necochea Mauro Vel\u00e1zquez, visit\u00f3 esta semana las oficinas Daniel Carri\u00f3n, una de las personas que tiene a cargo la concesi\u00f3n del concurrido y popular Lago de los Cisnes, \u201cy es un orgullo ver c\u00f3mo han transformado el lugar\u201d, opin\u00f3 el edil.<\/p>\n<p>Vel\u00e1zquez a\u00f1adi\u00f3 que \u201cesta concesi\u00f3n es un proyecto que vi nacer. En marzo del 2019, la empresa gan\u00f3 la licitaci\u00f3n municipal que se convoc\u00f3 al efecto y comenz\u00f3 este proceso de transformaci\u00f3n para lograr que siga siendo un paseo gratuito, p\u00fablico, pensado para la familia y de encuentro con amigos. Pero que, adem\u00e1s, ofrezca servicios, \u00e1reas recreativas, gastronom\u00eda y galer\u00eda comercial\u201d<\/p>\n<p>&nbsp;<\/p>\n<p>&nbsp;<\/p>\n<p>\u201cConversando sobre la temporada de verano, Daniel Carri\u00f3n me cont\u00f3 que hoy lograron convertirse en un atractivo tur\u00edstico referente de la zona\u201d, manifest\u00f3 el dirigente, quien est\u00e1 anotado como precandidato a intendente de Necochea, surgido de las filas del Frente Renovador local.<\/p>\n<p>El concejal dio cuenta asimismo que \u201cya en su planificaci\u00f3n del a\u00f1o saben que van a recibir en los meses de agosto, septiembre y octubre a trece mil chicos y chicas, quienes a trav\u00e9s del Programa provincial \u201cViaje de Fin de Curso\u201d llegar\u00e1n a Necochea para vivir una experiencia diferente y conectarse con la naturaleza\u201d<\/p>\n<p>\u201cY esto se debe -acot\u00f3- a la inversi\u00f3n y al trabajo que vienen haciendo en estos cuatro a\u00f1os, pero tambi\u00e9n al trabajo articulado entre el privado y el Estado para el desarrollo del turismo en Necochea\u201d.<\/p>\n","protected":false},"excerpt":{"rendered":"<p>El presidente del interbloque de concejales del Frente de Todos y precandidato a intendente realiz\u00f3 una recorrida por esta concesi\u00f3n municipal, donde fue recibido por Daniel Carri\u00f3n, integrante de la firma a cargo del sitio. \u201cEs un orgullo ver c\u00f3mo han transformado el lugar\u201d, opin\u00f3 el edil. Por Jorge G\u00f3mez El presidente del interbloque de [&hellip;]<\/p>\n","protected":false},"author":3,"featured_media":98320,"comment_status":"closed","ping_status":"closed","sticky":false,"template":"","format":"standard","meta":{"footnotes":""},"categories":[3],"tags":[],"class_list":["post-98319","post","type-post","status-publish","format-standard","has-post-thumbnail","category-masnoticias"],"_links":{"self":[{"href":"https:\/\/primicias2262.com\/noticias\/wp-json\/wp\/v2\/posts\/98319","targetHints":{"allow":["GET"]}}],"collection":[{"href":"https:\/\/primicias2262.com\/noticias\/wp-json\/wp\/v2\/posts"}],"about":[{"href":"https:\/\/primicias2262.com\/noticias\/wp-json\/wp\/v2\/types\/post"}],"author":[{"embeddable":true,"href":"https:\/\/primicias2262.com\/noticias\/wp-json\/wp\/v2\/users\/3"}],"replies":[{"embeddable":true,"href":"https:\/\/primicias2262.com\/noticias\/wp-json\/wp\/v2\/comments?post=98319"}],"version-history":[{"count":0,"href":"https:\/\/primicias2262.com\/noticias\/wp-json\/wp\/v2\/posts\/98319\/revisions"}],"wp:attachment":[{"href":"https:\/\/primicias2262.com\/noticias\/wp-json\/wp\/v2\/media?parent=98319"}],"wp:term":[{"taxonomy":"category","embeddable":true,"href":"https:\/\/primicias2262.com\/noticias\/wp-json\/wp\/v2\/categories?post=98319"},{"taxonomy":"post_tag","embeddable":true,"href":"https:\/\/primicias2262.com\/noticias\/wp-json\/wp\/v2\/tags?post=98319"}],"curies":[{"name":"wp","href":"https:\/\/api.w.org\/{rel}","templated":true}]}}