{"id":98324,"date":"2023-03-13T14:34:52","date_gmt":"2023-03-13T17:34:52","guid":{"rendered":"https:\/\/primicias2262.com\/?p=98324"},"modified":"2023-03-13T14:34:52","modified_gmt":"2023-03-13T17:34:52","slug":"cameq-estimamos-que-tenemos-que-ser-escuchados-y-tener-mas-incidencia","status":"publish","type":"post","link":"https:\/\/primicias2262.com\/noticias\/cameq-estimamos-que-tenemos-que-ser-escuchados-y-tener-mas-incidencia\/","title":{"rendered":"CAMEQ: \u201cEstimamos que tenemos que ser escuchados y tener m\u00e1s incidencia\u201d"},"content":{"rendered":"<p><strong>As\u00ed lo afirm\u00f3 uno de los integrantes de la CAMEQ (C\u00e1mara de Empresas de Estibajes y Afines de Puerto Quequ\u00e9n) y concejal de Nueva Necochea, Bartolom\u00e9 Zubillaga, durante una nota en los estudios de \u201cVoces de la Ciudad\u201d, realizada por el periodista Jorge G\u00f3mez.<\/strong><\/p>\n<p>Primeramente, Zubillaga contextualiz\u00f3 que la CAMEQ \u201ces una c\u00e1mara de empresas que nos dedicamos a estibajes y algunos otros servicios afines a los estibajes y Puerto Quequ\u00e9n; la misma nace de la uni\u00f3n de cuatro empresas portuarias, algunas con m\u00e1s de 30 a\u00f1os en esto: Nequen SA; Serviport Mar\u00edtima SRL.; Agencia Pleamar SA y Agencia Trimar SA; somos las cuatro que ven\u00edamos haciendo en forma individual varias acciones para nuestras empresas como tambi\u00e9n de \u00edndole social y entendimos que lo mejor era hacerlo unidos y fundamos la c\u00e1mara hace dos a\u00f1os\u201d.<\/p>\n<p>No obstante, \u201cahora estamos trabajando de forma m\u00e1s acelerada y con un rol m\u00e1s protag\u00f3nico, pero asociados por el hecho de ser los mayores empleadores de Necochea, mensualmente con un promedio de unas 800 personas, en algunos meses superamos los 1000 empleados\u201d, aclar\u00f3 quien fuera presidente de la C\u00e1mara de Actividades Portuarias, entre otras instituciones.<\/p>\n<p>A la hora de argumentar el trabajo m\u00e1s acelarado y la injerencia mayor que pretenden, el edil manifest\u00f3 que \u201clas cuatro empresas son de capital local, dirigidas por personas que nacimos y nos criamos aqu\u00ed, tenemos un sentido de pertenencia que no tienen otras c\u00e1maras que pertenecen a multinacionales; somos la \u00fanica c\u00e1mara portuaria que tiene un inter\u00e9s totalmente local y estimamos que tenemos que ser escuchados y tener una cierta influencia a partir de lo que econ\u00f3micamente representamos en este puerto y en la ciudad, as\u00ed que queremos tener m\u00e1s incidencia en algunas decisiones que se tomen en Puerto Quequ\u00e9n, siempre en pro de mayor empleo\u201d.<\/p>\n<p>Seguidamente ampli\u00f3 que \u201ca nosotros no se nos puede tildar de que estamos protegiendo alg\u00fan inter\u00e9s for\u00e1neo porque somos de aqu\u00ed, participamos y queremos la paz social y crecer en armon\u00eda\u2026 y tambi\u00e9n naci\u00f3 esto para poder aunar los esfuerzos que estaba haciendo cada uno bajo el concepto de responsabilidad social: nos nutrimos de recursos de la sociedad donde vivimos y de alguna forma tenemos que devolverle a la sociedad algo de todo lo que hacemos\u201d.<\/p>\n<p>Finalmente, Zubillaga asever\u00f3 con tono cr\u00edtico que \u201cel Consorcio sirve como veh\u00edculo para que la sociedad logre que su puerto se desarrolle, y la sociedad de Necochea lamentablemente sigo viendo que le da la espalda al puerto. Por ejemplo, escucho un comerciante amigo que me dice que venden cada vez menos, pero se olvida que hemos tenido un enero atroz por no tener vol\u00famenes de carga en el puerto, y no tenerlo significa que la gente no cobra, y si no cobra no gasta, entonces como ciudadanos hay cuestiones que tenemos que plantearnos como cuestiones de Estado, de tal forma que la sociedad provoque que la inacci\u00f3n que pueda notarse en alguna instituci\u00f3n se convierta al rev\u00e9s, en algo pro activo, pero tiene que nacer desde la sociedad, como por ejemplo en Bah\u00eda Blanca, donde todos tienen muy claro el rol del puerto comercial\u201d.<\/p>\n<p>\u201cTenemos potencialidad en varias cosas, pero para eso precisamos el compromiso de la sociedad, hay muchas personas comprometidas, pero no tenemos un compromiso tan fuerte que logren que las potencialidades se transformen en realidades\u201d, concluy\u00f3 su opini\u00f3n.<\/p>\n","protected":false},"excerpt":{"rendered":"<p>As\u00ed lo afirm\u00f3 uno de los integrantes de la CAMEQ (C\u00e1mara de Empresas de Estibajes y Afines de Puerto Quequ\u00e9n) y concejal de Nueva Necochea, Bartolom\u00e9 Zubillaga, durante una nota en los estudios de \u201cVoces de la Ciudad\u201d, realizada por el periodista Jorge G\u00f3mez. Primeramente, Zubillaga contextualiz\u00f3 que la CAMEQ \u201ces una c\u00e1mara de empresas [&hellip;]<\/p>\n","protected":false},"author":3,"featured_media":98327,"comment_status":"closed","ping_status":"closed","sticky":false,"template":"","format":"standard","meta":{"footnotes":""},"categories":[3],"tags":[],"class_list":["post-98324","post","type-post","status-publish","format-standard","has-post-thumbnail","category-masnoticias"],"_links":{"self":[{"href":"https:\/\/primicias2262.com\/noticias\/wp-json\/wp\/v2\/posts\/98324","targetHints":{"allow":["GET"]}}],"collection":[{"href":"https:\/\/primicias2262.com\/noticias\/wp-json\/wp\/v2\/posts"}],"about":[{"href":"https:\/\/primicias2262.com\/noticias\/wp-json\/wp\/v2\/types\/post"}],"author":[{"embeddable":true,"href":"https:\/\/primicias2262.com\/noticias\/wp-json\/wp\/v2\/users\/3"}],"replies":[{"embeddable":true,"href":"https:\/\/primicias2262.com\/noticias\/wp-json\/wp\/v2\/comments?post=98324"}],"version-history":[{"count":0,"href":"https:\/\/primicias2262.com\/noticias\/wp-json\/wp\/v2\/posts\/98324\/revisions"}],"wp:attachment":[{"href":"https:\/\/primicias2262.com\/noticias\/wp-json\/wp\/v2\/media?parent=98324"}],"wp:term":[{"taxonomy":"category","embeddable":true,"href":"https:\/\/primicias2262.com\/noticias\/wp-json\/wp\/v2\/categories?post=98324"},{"taxonomy":"post_tag","embeddable":true,"href":"https:\/\/primicias2262.com\/noticias\/wp-json\/wp\/v2\/tags?post=98324"}],"curies":[{"name":"wp","href":"https:\/\/api.w.org\/{rel}","templated":true}]}}