{"id":98328,"date":"2023-03-13T14:42:33","date_gmt":"2023-03-13T17:42:33","guid":{"rendered":"https:\/\/primicias2262.com\/?p=98328"},"modified":"2023-03-13T14:42:33","modified_gmt":"2023-03-13T17:42:33","slug":"playa-de-camiones-ya-se-hizo-la-adjudicacion-para-que-el-ministerio-evalue-y-gire-los-fondos","status":"publish","type":"post","link":"https:\/\/primicias2262.com\/noticias\/playa-de-camiones-ya-se-hizo-la-adjudicacion-para-que-el-ministerio-evalue-y-gire-los-fondos\/","title":{"rendered":"Playa de Camiones: \u201cYa se hizo la adjudicaci\u00f3n para que el Ministerio eval\u00fae y gire los fondos\u201d"},"content":{"rendered":"<p><strong>As\u00ed lo confirm\u00f3 el intendente Arturo Rojas, quien en el marco de una charla sobre varios temas en \u201cVoces de la Ciudad\u201d, puso el foco principal en las obras p\u00fablicas, dando a conocer que est\u00e1 muy pr\u00f3xima a iniciarse la de infraestructura en la Playa Municipal conocidad hist\u00f3ricamente como \u201cChiquero\u201d.<\/strong><\/p>\n<p>Luego del acto partidario de Nueva Necochea el viernes anterior que lo tuvo como principal orador, y tras la consulta inicial del periodista Jorge G\u00f3mez, el Intendente habl\u00f3 sobre varias obras p\u00fablicas, y uno de los puntos m\u00e1s interesantes estuvo en el avance del proyecto millonario que significar\u00e1 la obra de infraestructura de la Playa de Camiones de Quequ\u00e9n.<\/p>\n<p>A la hora de hablar de obras con importantes avances, Rojas puso de ejemplo el decreto de adjudicaci\u00f3n de la Playa de Camiones, \u201cque ya mandamos al Ministerio de Transporte de Naci\u00f3n\u2026 el viernes se hizo la adjudicaci\u00f3n para que el Ministerio eval\u00fae y gire los fondos, y una vez con los fondos nosotros podemos hacer el anticipo y comenzar una obra de infraestructura muy necesaria para los transportistas y para la primera etapa del futuro parque industrial. Son alrededor de algo m\u00e1s de 600 millones de pesos\u201d, inform\u00f3.<\/p>\n<p><a href=\"https:\/\/primicias2262.com\/wp-content\/uploads\/2023\/03\/arturo-rojas-777.jpeg\"><img loading=\"lazy\" decoding=\"async\" class=\"alignleft size-medium wp-image-98329\" src=\"https:\/\/primicias2262.com\/wp-content\/uploads\/2023\/03\/arturo-rojas-777-300x225.jpeg\" alt=\"\" width=\"300\" height=\"225\" \/><\/a>Acto seguido, Rojas se\u00f1al\u00f3 que \u201cla Playa se ha denominado hist\u00f3ricamente \u201cChiquero\u201d por las condiciones p\u00e9simas que siempre ha tenido, m\u00e1s all\u00e1 de algunos arreglos que se han podido hacer, pero esta obra la va a poner a la altura de las playas privadas o incluso mejor\u201d, y destac\u00f3 que atr\u00e1s de esto est\u00e1 \u201cel proyecto que ten\u00edamos de la Terminal de \u00d3mnibus que ya lo elevamos y desde Naci\u00f3n financiar\u00e1n la remodelaci\u00f3n, lo cual es muy importante, que tengamos esta posibilidad de que si Dios quiere pronto firmemos convenio\u201d.<\/p>\n<p>Adem\u00e1s de esos casos, se refiri\u00f3 a las obras del CAPS Norte y la pista de atletismo. En lo concerniente al Centro de Salud de Barrio Norte, apunt\u00f3 Rojas que \u201chemos logrado avanzar con esta obra que estaba paralizada por muchos a\u00f1os, la hab\u00edan comenzado los vecinos y una de las promotoras fue Alba Harislur con todo un grupo de Barrio Norte para tener un centro de salud con las condiciones para poder atender, que hist\u00f3ricamente han estado alquilando lugares con poco espacio, no pod\u00edan avanzar y ya est\u00e1 para inaugurarse. Se hace el traslado de mobiliario y se apunta a poder hacer la mudanza en el fin de semana largo del viernes 24 para inaugurarlo el lunes 27 y ponerlo en funcionamiento\u201d. El Fuccile en 71 entre 4 y 6, con fondos de Provincia, falta habilitaci\u00f3n del Ministerio de Salud y Regi\u00f3n Sanitaria VIII para ver cuando la Provincia decide inaugurarlo. Fondos que fueron gestionados por la comuna, listo para inaugurarse a la brevedad.<\/p>\n<p>Finalmente, sobre la pista de atletismo repas\u00f3 que \u201cse hizo lo m\u00e1s importante que ten\u00eda que ver con el desmonte, el acondicionamiento del piso, los movimientos de suelo y la pista est\u00e1 demarcada, tiene iluminaci\u00f3n, los vestuarios est\u00e1n cerca de finalizarse y estimamos que para abril estar\u00eda para inaugurarse la primera etapa, que es la pista completa, para en una segunda etapa dotar la parte de adentro con los elementos deportivos que hacen a las actividades complementarias de la pista. Es important\u00edsimo, el atletismo es la base de cualquier deporte y la escuela municipal m\u00e1s grande que tenemos es la de atletismo. Va a ser algo espectacular para el deporte necochense\u201d.<\/p>\n","protected":false},"excerpt":{"rendered":"<p>As\u00ed lo confirm\u00f3 el intendente Arturo Rojas, quien en el marco de una charla sobre varios temas en \u201cVoces de la Ciudad\u201d, puso el foco principal en las obras p\u00fablicas, dando a conocer que est\u00e1 muy pr\u00f3xima a iniciarse la de infraestructura en la Playa Municipal conocidad hist\u00f3ricamente como \u201cChiquero\u201d. Luego del acto partidario de [&hellip;]<\/p>\n","protected":false},"author":3,"featured_media":86990,"comment_status":"closed","ping_status":"closed","sticky":false,"template":"","format":"standard","meta":{"footnotes":""},"categories":[3],"tags":[],"class_list":["post-98328","post","type-post","status-publish","format-standard","has-post-thumbnail","category-masnoticias"],"_links":{"self":[{"href":"https:\/\/primicias2262.com\/noticias\/wp-json\/wp\/v2\/posts\/98328","targetHints":{"allow":["GET"]}}],"collection":[{"href":"https:\/\/primicias2262.com\/noticias\/wp-json\/wp\/v2\/posts"}],"about":[{"href":"https:\/\/primicias2262.com\/noticias\/wp-json\/wp\/v2\/types\/post"}],"author":[{"embeddable":true,"href":"https:\/\/primicias2262.com\/noticias\/wp-json\/wp\/v2\/users\/3"}],"replies":[{"embeddable":true,"href":"https:\/\/primicias2262.com\/noticias\/wp-json\/wp\/v2\/comments?post=98328"}],"version-history":[{"count":0,"href":"https:\/\/primicias2262.com\/noticias\/wp-json\/wp\/v2\/posts\/98328\/revisions"}],"wp:attachment":[{"href":"https:\/\/primicias2262.com\/noticias\/wp-json\/wp\/v2\/media?parent=98328"}],"wp:term":[{"taxonomy":"category","embeddable":true,"href":"https:\/\/primicias2262.com\/noticias\/wp-json\/wp\/v2\/categories?post=98328"},{"taxonomy":"post_tag","embeddable":true,"href":"https:\/\/primicias2262.com\/noticias\/wp-json\/wp\/v2\/tags?post=98328"}],"curies":[{"name":"wp","href":"https:\/\/api.w.org\/{rel}","templated":true}]}}