{"id":98331,"date":"2023-03-13T14:47:40","date_gmt":"2023-03-13T17:47:40","guid":{"rendered":"https:\/\/primicias2262.com\/?p=98331"},"modified":"2023-03-13T14:47:40","modified_gmt":"2023-03-13T17:47:40","slug":"dos-alumnos-de-la-escuela-municipal-brillaron-en-el-campeonato-u20-y-clasificaron-al-nacional","status":"publish","type":"post","link":"https:\/\/primicias2262.com\/noticias\/dos-alumnos-de-la-escuela-municipal-brillaron-en-el-campeonato-u20-y-clasificaron-al-nacional\/","title":{"rendered":"Dos alumnos de la Escuela Municipal brillaron en el Campeonato U20 y clasificaron al Nacional"},"content":{"rendered":"<p><strong>Facundo Muguiro se coron\u00f3 campe\u00f3n en los 100 metros llanos y Santino Marchetti fue 2\u00ba en los 800 llanos, logrando ambos atletas de la Escuela Municipal la clasificaci\u00f3n al Nacional de Rosario, mientras que la posta femenina 4 x 100 obtuvo la presea de bronce.<\/strong><\/p>\n<p>La primera cita de un Campeonato Provincial para la temporada 2023 encontr\u00f3 a la Escuela Municipal de Atletismo de Necochea m\u00e1s que preparada, ya que la delegaci\u00f3n de nuestra ciudad se luci\u00f3 en el U20 con un campeonato individual, un subcampenato y una medalla de bronce en relevos, en un fin de semana de muy altas temperaturas en el Estadio \u201cJusto E. Rom\u00e1n\u201d de Mar del Plata.<\/p>\n<p>El punto m\u00e1s alto entre la escuela que coordina el profesor Mauro Cabrera y que depende de la Direcci\u00f3n de Deportes, a cargo de Guadalupe Hern\u00e1ndez, fue Facundo Muguiro, quien se coron\u00f3 campe\u00f3n provincial en la prueba madre del Atletismo, los 100 metros llanos, logrando la medalla de oro con su mejor marca personal de 11.49 y la clasificaci\u00f3n al Campeonato Nacional.<\/p>\n<p>Por su parte, Santino Marchetti -de reciente preparaci\u00f3n en Cachi, Salta- vio los frutos del trabajo previo al conseguir ser subcampe\u00f3n en la prueba reina del medio fondo, los 800 metros llanos, donde logr\u00f3 la medalla de plata y tambi\u00e9n su mejor marca personal de 1.56.41, con el aliciente de la clasificaci\u00f3n al Campeonato Nacional.<\/p>\n<p><strong>De esta forma, Necochea tendr\u00e1 dos atletas iniciados, formados y desarrollados en la Escuela Municipal formando parte del equipo de la Provincia de Buenos Aires que nos representar\u00e1n los venideros 1 y 2 de abril en el Campeonato Nacional U20 en Rosario.<\/strong><\/p>\n<p><a href=\"https:\/\/primicias2262.com\/wp-content\/uploads\/2023\/03\/13-03-FOTO-Escuela-Municipal-marzo23.jpeg\"><img loading=\"lazy\" decoding=\"async\" class=\"aligncenter size-large wp-image-98333\" src=\"https:\/\/primicias2262.com\/wp-content\/uploads\/2023\/03\/13-03-FOTO-Escuela-Municipal-marzo23-1024x768.jpeg\" alt=\"\" width=\"696\" height=\"522\" \/><\/a>En tanto, la medalla de bronce fue tambi\u00e9n para la velocidad, la posta 4 x 100 damas, integrada por Celina S\u00e1nchez, Josefina Rol\u00f3n, Uma Kristensen y Valentina Linares, quienes alcanzaron el tercer escal\u00f3n del podio.<\/p>\n<p>La selecci\u00f3n Necochense fue acompa\u00f1ada por el coordinador Mauro Cabrera junto a Juliana Jov\u00e9, responsable tambi\u00e9n de la escuela municipal de atletismo que cont\u00f3 con un trabajo articulado con la directora de Deportes, Guadalupe Hern\u00e1ndez, a fin de generar las herramientas para que todos los deportistas puedan estar presentes representando a Necochea.<\/p>\n<p><strong>Tambi\u00e9n, quienes participaron por la Escuela Municipal alcanzando excelentes desempe\u00f1os fueron:<\/strong><\/p>\n<p>-Valentino Rodr\u00edguez, quien qued\u00f3 a un paso de subirse al podio, siendo 4\u00ba en la prueba de 5000 mts con un tiempo de 17.55.94, logrando su mejor marca personal.<\/p>\n<p>-Aldana Bracamonte fue 5ta en la prueba de 5000mts con un tiempo de 23.39.60. Francesca Marchetti tambi\u00e9n fue de la partida sin poder completar el recorrido debido a las altas temperaturas.<\/p>\n<p>-Uma Kristensen quien fue 5ta en la segunda serie de los 100mts con un tiempo de 14.43 y tambi\u00e9n fue 4ta en la segunda serie de 200mts con un tiempo de 29.07<\/p>\n<p>-Celina S\u00e1nchez Bjerg fue 3ra en la tercer serie con un tiempo de 14.60 y tambi\u00e9n fue 5ta en la prueba de 200mts con un tiempo de 30.33.<\/p>\n<p><a href=\"https:\/\/primicias2262.com\/wp-content\/uploads\/2023\/03\/13-03-FOTO-largada-Muguiro-100-llanos.jpeg\"><img loading=\"lazy\" decoding=\"async\" class=\"aligncenter size-large wp-image-98334\" src=\"https:\/\/primicias2262.com\/wp-content\/uploads\/2023\/03\/13-03-FOTO-largada-Muguiro-100-llanos-1024x731.jpeg\" alt=\"\" width=\"696\" height=\"497\" \/><\/a>-Valentina Linares fue 6ta en la primera serie de 400mts con un tiempo de 1.10.21 logrando su mejor marca personal. Tambi\u00e9n fue 6ta en la tercera serie de 200mts con un tiempo de 30.36.<\/p>\n<p>-Lautaro Moreno Arabarco fue s\u00e9ptimo en la primera serie de 400mts con un tiempo de 56.10 logrando su mejor marca personal. Tambi\u00e9n fue d\u00e9cimo primero en la segunda serie de 800mts con un tiempo de 2.09.42<\/p>\n<p>-Guadalupe Ben\u00edtez fue octava en la prueba de 1500 con un tiempo de 5.47.67 logrando su mejor marca personal. Tambi\u00e9n fue octava en la prueba de 800mts con un tiempo de 2.50.05<\/p>\n<p>-Amancay G\u00f3mez fue d\u00e9cima en la prueba de 1500 con un tiempo de 6.17.35 logrando su mejor marca personal y particip\u00f3 de los 3000 metros.<\/p>\n<p>-Facundo Muguiro fue 2do en la primera serie de 200mts con un tiempo de 23.29 logrando su mejor marca personal.<\/p>\n<p>-Tiago Rojas fue d\u00e9cimo segundo en la primera serie de 800mts con un tiempo de 2.09.75.<\/p>\n<p>\u2013 La posta 4\u00d7400 damas ocup\u00f3 el 5to lugar en la final, integrada por Uma Kristensen \u2013 Josefina Rol\u00f3n \u2013 Guadalupe Ben\u00edtez \u2013 Valentina Linares.<\/p>\n","protected":false},"excerpt":{"rendered":"<p>Facundo Muguiro se coron\u00f3 campe\u00f3n en los 100 metros llanos y Santino Marchetti fue 2\u00ba en los 800 llanos, logrando ambos atletas de la Escuela Municipal la clasificaci\u00f3n al Nacional de Rosario, mientras que la posta femenina 4 x 100 obtuvo la presea de bronce. La primera cita de un Campeonato Provincial para la temporada [&hellip;]<\/p>\n","protected":false},"author":3,"featured_media":98332,"comment_status":"closed","ping_status":"closed","sticky":false,"template":"","format":"standard","meta":{"footnotes":""},"categories":[3],"tags":[],"class_list":["post-98331","post","type-post","status-publish","format-standard","has-post-thumbnail","category-masnoticias"],"_links":{"self":[{"href":"https:\/\/primicias2262.com\/noticias\/wp-json\/wp\/v2\/posts\/98331","targetHints":{"allow":["GET"]}}],"collection":[{"href":"https:\/\/primicias2262.com\/noticias\/wp-json\/wp\/v2\/posts"}],"about":[{"href":"https:\/\/primicias2262.com\/noticias\/wp-json\/wp\/v2\/types\/post"}],"author":[{"embeddable":true,"href":"https:\/\/primicias2262.com\/noticias\/wp-json\/wp\/v2\/users\/3"}],"replies":[{"embeddable":true,"href":"https:\/\/primicias2262.com\/noticias\/wp-json\/wp\/v2\/comments?post=98331"}],"version-history":[{"count":0,"href":"https:\/\/primicias2262.com\/noticias\/wp-json\/wp\/v2\/posts\/98331\/revisions"}],"wp:attachment":[{"href":"https:\/\/primicias2262.com\/noticias\/wp-json\/wp\/v2\/media?parent=98331"}],"wp:term":[{"taxonomy":"category","embeddable":true,"href":"https:\/\/primicias2262.com\/noticias\/wp-json\/wp\/v2\/categories?post=98331"},{"taxonomy":"post_tag","embeddable":true,"href":"https:\/\/primicias2262.com\/noticias\/wp-json\/wp\/v2\/tags?post=98331"}],"curies":[{"name":"wp","href":"https:\/\/api.w.org\/{rel}","templated":true}]}}