{"id":98348,"date":"2023-03-16T09:40:08","date_gmt":"2023-03-16T12:40:08","guid":{"rendered":"https:\/\/primicias2262.com\/?p=98348"},"modified":"2023-03-16T09:40:08","modified_gmt":"2023-03-16T12:40:08","slug":"rojas-y-la-seguridad-sala-de-monitoreo-corredores-barriales-y-plazas-iluminadas","status":"publish","type":"post","link":"https:\/\/primicias2262.com\/noticias\/rojas-y-la-seguridad-sala-de-monitoreo-corredores-barriales-y-plazas-iluminadas\/","title":{"rendered":"Rojas y la seguridad: Sala de monitoreo, corredores barriales y plazas iluminadas"},"content":{"rendered":"<p><strong>El intendente del distrito de Necochea, Arturo Rojas, pas\u00f3 por los estudios de \u201cVoces de la Ciudad\u201d y en nota con el periodista Jorge G\u00f3mez habl\u00f3 sobre un aspecto sensible para cualquier gesti\u00f3n: la seguridad.<\/strong><\/p>\n<p>En ese aspecto, mencion\u00f3 primeramente la nueva Sala de Monitoreo que se erige en 58 entre 65 y 67: \u201cEstamos a un mes y pico de inaugurarla y la gente debe saber que primero tuvimos que juntar los fondos, no nos pod\u00edamos lanzar de manera aventurera a hacer una sala sin tener los recursos\u2026 nosotros el a\u00f1o pasado fuimos juntando los recursos y los metimos en el presupuesto, se debi\u00f3 tratar en el Concejo Deliberante, hacer la licitaci\u00f3n y hoy le garantizamos a la empresa que se le va a pagar en tiempo y forma\u201d.<\/p>\n<p>Se diferenci\u00f3 en tal sentido de la gesti\u00f3n pasada, al rememorar que \u201crecordemos que la anterior experiencia de la empresa de monitoreo que vino a instalarse en 2016 fue muy mala, no se le pag\u00f3 ni la primera cuota, lo que hizo que el sistema no se actualizara y que cada c\u00e1mara que se romp\u00eda no se arreglara y que no se pudieran incorporar nuevos equipos\u2026 es un sistema obsoleto que no alcanza para la demanda de la prevenci\u00f3n y protecci\u00f3n ciudadana\u201d.<\/p>\n<p>En cambio, \u201choy ya tenemos el lugar y se est\u00e1 trabajando en el interior del mismo, ya tenemos toda la maquinaria para instalarlo, tendremos los lectores de patentes en las rutas y apuntamos a que nos sirva para ir bajando la siniestralidad vial, para la protecci\u00f3n ciudadana y como pruebas para aportarle a la Justicia\u201d, aleg\u00f3, para especificar que \u201c130 c\u00e1maras se colocar\u00e1n y luego iremos conveniando con los privados para sumar m\u00e1s c\u00e1maras de forma privada\u201d.<\/p>\n<p>En cuanto a los corredores seguros con iluminaci\u00f3n Led, asegur\u00f3 el Intendente que \u201clo primero que te reclama el vecino en cuanto a seguridad es tener su barrio m\u00e1s iluminado. La llegada de la iluminaci\u00f3n hace a la seguridad de cualquier barrio y nosotros a lo que estamos apuntando es no solo a tener un acceso iluminado, sino engransado, que es mejor que la tosca y el Rap, y la idea es que a la mayor\u00eda de estos accesos seguros le vayamos sumando c\u00e1maras en diferentes puntos estrat\u00e9gicos. Esto se va a hacer en casi todos los barrios de Necohea y Quequ\u00e9n y se va a estar licitando en abril\u201d.<\/p>\n<p><a href=\"https:\/\/primicias2262.com\/licitan-la-construccion-de-tres-nuevos-sectores-con-modernos-juegos-infantiles\/\" target=\"_blank\" rel=\"noopener\"><strong>Finalmente, se refiri\u00f3 a tres nuevas plazas blandas que se realizar\u00e1n en la ciudad<\/strong><\/a>, con juegos, mobiliario e iluminaci\u00f3n Led: \u201cPrimero empezaremos en el parque, en 91 y 10; luego en la 3 de Agosto de Quequ\u00e9n y por \u00faltimo la construcci\u00f3n de una plazoleta nueva en la zona del puerto. Es importante porque se van poniendo en valor los lugares donde se encuentran los vecinos\u201d, concluy\u00f3.<\/p>\n","protected":false},"excerpt":{"rendered":"<p>El intendente del distrito de Necochea, Arturo Rojas, pas\u00f3 por los estudios de \u201cVoces de la Ciudad\u201d y en nota con el periodista Jorge G\u00f3mez habl\u00f3 sobre un aspecto sensible para cualquier gesti\u00f3n: la seguridad. En ese aspecto, mencion\u00f3 primeramente la nueva Sala de Monitoreo que se erige en 58 entre 65 y 67: \u201cEstamos [&hellip;]<\/p>\n","protected":false},"author":3,"featured_media":93359,"comment_status":"closed","ping_status":"closed","sticky":false,"template":"","format":"standard","meta":{"footnotes":""},"categories":[3],"tags":[],"class_list":["post-98348","post","type-post","status-publish","format-standard","has-post-thumbnail","category-masnoticias"],"_links":{"self":[{"href":"https:\/\/primicias2262.com\/noticias\/wp-json\/wp\/v2\/posts\/98348","targetHints":{"allow":["GET"]}}],"collection":[{"href":"https:\/\/primicias2262.com\/noticias\/wp-json\/wp\/v2\/posts"}],"about":[{"href":"https:\/\/primicias2262.com\/noticias\/wp-json\/wp\/v2\/types\/post"}],"author":[{"embeddable":true,"href":"https:\/\/primicias2262.com\/noticias\/wp-json\/wp\/v2\/users\/3"}],"replies":[{"embeddable":true,"href":"https:\/\/primicias2262.com\/noticias\/wp-json\/wp\/v2\/comments?post=98348"}],"version-history":[{"count":0,"href":"https:\/\/primicias2262.com\/noticias\/wp-json\/wp\/v2\/posts\/98348\/revisions"}],"wp:attachment":[{"href":"https:\/\/primicias2262.com\/noticias\/wp-json\/wp\/v2\/media?parent=98348"}],"wp:term":[{"taxonomy":"category","embeddable":true,"href":"https:\/\/primicias2262.com\/noticias\/wp-json\/wp\/v2\/categories?post=98348"},{"taxonomy":"post_tag","embeddable":true,"href":"https:\/\/primicias2262.com\/noticias\/wp-json\/wp\/v2\/tags?post=98348"}],"curies":[{"name":"wp","href":"https:\/\/api.w.org\/{rel}","templated":true}]}}